{"id":951,"date":"2024-02-22T14:00:57","date_gmt":"2024-02-22T13:00:57","guid":{"rendered":"https:\/\/serafin-renov.fr\/?p=951"},"modified":"2024-04-24T08:37:28","modified_gmt":"2024-04-24T06:37:28","slug":"rencontres-serafin-du-11-avril-2024","status":"publish","type":"post","link":"https:\/\/serafin-renov.fr\/index.php\/rencontres-serafin-du-11-avril-2024\/","title":{"rendered":"Rencontres SERAFIN du 11 avril 2024 \u00e0 Paris"},"content":{"rendered":"<p>[et_pb_section fb_built=\u00a0\u00bb1&Prime; _builder_version=\u00a0\u00bb4.24.2&Prime; _module_preset=\u00a0\u00bbdefault\u00a0\u00bb custom_margin=\u00a0\u00bb0px||||false|false\u00a0\u00bb custom_padding=\u00a0\u00bb0px||||false|false\u00a0\u00bb global_colors_info=\u00a0\u00bb{}\u00a0\u00bb][et_pb_row _builder_version=\u00a0\u00bb4.24.2&Prime; _module_preset=\u00a0\u00bbdefault\u00a0\u00bb custom_margin=\u00a0\u00bb0px||||false|false\u00a0\u00bb custom_padding=\u00a0\u00bb0px||||false|false\u00a0\u00bb global_colors_info=\u00a0\u00bb{}\u00a0\u00bb][et_pb_column type=\u00a0\u00bb4_4&Prime; _builder_version=\u00a0\u00bb4.24.2&Prime; _module_preset=\u00a0\u00bbdefault\u00a0\u00bb global_colors_info=\u00a0\u00bb{}\u00a0\u00bb][et_pb_image src=\u00a0\u00bbhttps:\/\/serafin-renov.fr\/wp-content\/uploads\/2024\/02\/2040221_Visuel-Invitation-serafin-4-1.jpg\u00a0\u00bb title_text=\u00a0\u00bb2040221_Visuel-Invitation-serafin-4&Prime; url=\u00a0\u00bbhttps:\/\/docs.google.com\/forms\/d\/e\/1FAIpQLScgUlnjkpWl2JB0-dQ41IywhhUni7mURodzuVY9qmGsfNWm5A\/viewform?usp=sf_link\u00a0\u00bb url_new_window=\u00a0\u00bbon\u00a0\u00bb _builder_version=\u00a0\u00bb4.24.2&Prime; _module_preset=\u00a0\u00bbdefault\u00a0\u00bb custom_margin=\u00a0\u00bb0px||||false|false\u00a0\u00bb global_colors_info=\u00a0\u00bb{}\u00a0\u00bb][\/et_pb_image][\/et_pb_column][\/et_pb_row][et_pb_row _builder_version=\u00a0\u00bb4.24.2&Prime; _module_preset=\u00a0\u00bbdefault\u00a0\u00bb custom_margin=\u00a0\u00bb0px||||false|false\u00a0\u00bb custom_padding=\u00a0\u00bb0px||||false|false\u00a0\u00bb global_colors_info=\u00a0\u00bb{}\u00a0\u00bb][et_pb_column type=\u00a0\u00bb4_4&Prime; _builder_version=\u00a0\u00bb4.24.2&Prime; _module_preset=\u00a0\u00bbdefault\u00a0\u00bb global_colors_info=\u00a0\u00bb{}\u00a0\u00bb][et_pb_text _builder_version=\u00a0\u00bb4.24.2&Prime; _module_preset=\u00a0\u00bbdefault\u00a0\u00bb text_font=\u00a0\u00bbArial||||||||\u00a0\u00bb custom_margin=\u00a0\u00bb0px||||false|false\u00a0\u00bb custom_padding=\u00a0\u00bb0px||0px||false|false\u00a0\u00bb global_colors_info=\u00a0\u00bb{}\u00a0\u00bb]<\/p>\n<p style=\"text-align: justify;\">Cette journ\u00e9e sera l\u2019occasion de d\u00e9couvrir les acteurs territoriaux et les initiatives agissant sur le champ de l\u2019accompagnement des m\u00e9nages dans leurs projets de r\u00e9novation \u00e9nerg\u00e9tique performante et facilitant l\u2019acc\u00e8s au financement sur le plan national, mais \u00e9galement europ\u00e9en.<\/p>\n<p style=\"text-align: justify;\">Alors que MonAccompagnateurR\u00e9nov\u2019 se d\u00e9ploie, nous c\u00e9l\u00e9brons l\u2019ach\u00e8vement du programme europ\u00e9en ORFEE qui a permis de construire le <strong>r\u00e9f\u00e9rentiel SERAFIN<\/strong>. Ce r\u00e9f\u00e9rentiel, d\u00e9ploy\u00e9 par les soci\u00e9t\u00e9s de tiers-financement en France, permet d\u2019assurer qualit\u00e9 et conformit\u00e9 des r\u00e9novations performantes.<span> Nous ferons \u00e9galement le point sur les innovations dans le domaine du financement et du r\u00f4le et des initiatives des banques.<\/span><\/p>\n<p style=\"text-align: justify;\">Cette journ\u00e9e permettra \u00e9galement de pr\u00e9senter le nouveau projet europ\u00e9en <strong>EU Peers<\/strong>\u00a0visant \u00e0 d\u00e9velopper une\u00a0<strong>communaut\u00e9 europ\u00e9enne de pratique de l&rsquo;accompagnement<\/strong>\u00a0aux r\u00e9novations performantes.<\/p>\n<p>[\/et_pb_text][et_pb_button button_url=\u00a0\u00bbhttps:\/\/docs.google.com\/forms\/d\/e\/1FAIpQLScgUlnjkpWl2JB0-dQ41IywhhUni7mURodzuVY9qmGsfNWm5A\/viewform?usp=sf_link\u00a0\u00bb url_new_window=\u00a0\u00bbon\u00a0\u00bb button_text=\u00a0\u00bbINSCRIPTION\u00a0\u00bb _builder_version=\u00a0\u00bb4.24.2&Prime; _module_preset=\u00a0\u00bbdefault\u00a0\u00bb custom_button=\u00a0\u00bbon\u00a0\u00bb button_text_size=\u00a0\u00bb14px\u00a0\u00bb button_text_color=\u00a0\u00bb#FFFFFF\u00a0\u00bb button_bg_color=\u00a0\u00bb#ea5045&Prime; button_icon=\u00a0\u00bb&#x45;||divi||400&Prime; global_colors_info=\u00a0\u00bb{}\u00a0\u00bb][\/et_pb_button][et_pb_text _builder_version=\u00a0\u00bb4.24.2&Prime; _module_preset=\u00a0\u00bbdefault\u00a0\u00bb global_colors_info=\u00a0\u00bb{}\u00a0\u00bb]<\/p>\n<p><span style=\"color: #000000;\"><em>Inscription gratuite et obligatoire. Le nombre de places \u00e9tant limit\u00e9, une confirmation d\u2019inscription vous sera adress\u00e9e ult\u00e9rieurement. <\/em><\/span><\/p>\n<p>[\/et_pb_text][et_pb_divider color=\u00a0\u00bb#4fc0ed\u00a0\u00bb divider_weight=\u00a0\u00bb3px\u00a0\u00bb _builder_version=\u00a0\u00bb4.24.2&Prime; _module_preset=\u00a0\u00bbdefault\u00a0\u00bb custom_margin=\u00a0\u00bb0px||||false|false\u00a0\u00bb custom_padding=\u00a0\u00bb0px||||false|false\u00a0\u00bb global_colors_info=\u00a0\u00bb{}\u00a0\u00bb][\/et_pb_divider][et_pb_text _builder_version=\u00a0\u00bb4.24.2&Prime; _module_preset=\u00a0\u00bbdefault\u00a0\u00bb text_font=\u00a0\u00bbArial||||||||\u00a0\u00bb text_line_height=\u00a0\u00bb1.3em\u00a0\u00bb header_4_text_color=\u00a0\u00bb#ea5045&Prime; header_6_text_color=\u00a0\u00bb#4fc0ed\u00a0\u00bb text_orientation=\u00a0\u00bbjustified\u00a0\u00bb global_colors_info=\u00a0\u00bb{}\u00a0\u00bb]<\/p>\n<h4 style=\"text-align: justify;\">PROGRAMME<\/h4>\n<h6><b><\/b><\/h6>\n<h6><b>08:00 &#8211; 09:00 | <span>\u00a0<\/span>Accueil caf\u00e9<\/b><\/h6>\n<p><b><span style=\"font-weight: 400;\">\u00a0&#8212;&#8212;&#8212;&#8212;&#8212;&#8212;&#8212;&#8212;&#8212;&#8212;&#8212;&#8212;&#8212;&#8212;&#8212;&#8212;&#8212;&#8212;&#8212;&#8212;&#8212;&#8212;&#8212;&#8212;&#8212;&#8212;&#8212;&#8212;&#8212;&#8212;&#8212;&#8212;&#8212;&#8212;&#8212;&#8212;&#8212;&#8212;&#8212;&#8212;&#8212;&#8212;&#8212;&#8212;&#8212;&#8212;&#8212;&#8212;&#8212;&#8212;<\/span><\/b><\/p>\n<h6><b>09:00 -09:20 | <span> Ouverture de la journ\u00e9e<\/span><\/b><\/h6>\n<p><b>Accueil<br \/><\/b><i><span style=\"font-weight: 400;\">R<span class=\"m_8775826970909137471xxs2\">epr\u00e9sentant<\/span><span class=\"m_8775826970909137471xxs2\">\u00a0du Conseil Economique Social et Environnemental<\/span><\/span><\/i><\/p>\n<p class=\"m_8775826970909137471xxp1\"><strong><span class=\"m_8775826970909137471xxs2\">Introduction\u00a0: les enjeux de la r\u00e9novation \u00e9nerg\u00e9tique des logements dans les politiques europ\u00e9ennes pour le climat (Fit for 55)<br \/><\/span><\/strong><u><\/u><u><\/u><em><span class=\"m_8775826970909137471xxs2\">Hadrien Michel (<\/span><span class=\"m_8775826970909137471xxs2\">Policy Officer, Commission europ\u00e9enne)<\/span><\/em><u><\/u><u><\/u><\/p>\n<p class=\"m_8775826970909137471xxp1\"><strong><span class=\"m_8775826970909137471xxs2\">Pr\u00e9sentation de la journ\u00e9e<br \/><\/span><\/strong><u><\/u><u><\/u><em><span class=\"m_8775826970909137471xxs2\">S\u00e9bastien Descours (<\/span><span class=\"m_8775826970909137471xxs2\">SERAFIN \/ Energies Demain \/ FIDEO \u2013 Banque de la R\u00e9novation \u00e9nerg\u00e9tique)<\/span><\/em><\/p>\n<p class=\"m_8775826970909137471xxp1\"><em><span class=\"m_8775826970909137471xxs2\"><span style=\"font-weight: 400;\">\u00a0&#8212;&#8212;&#8212;&#8212;&#8212;&#8212;&#8212;&#8212;&#8212;&#8212;&#8212;&#8212;&#8212;&#8212;&#8212;&#8212;&#8212;&#8212;&#8212;&#8212;&#8212;&#8212;&#8212;&#8212;&#8212;&#8212;&#8212;&#8212;&#8212;&#8212;&#8212;&#8212;&#8212;&#8212;&#8212;&#8212;&#8212;&#8212;&#8212;&#8212;&#8212;&#8212;&#8212;&#8212;&#8212;&#8212;&#8212;&#8212;&#8212;&#8212;<\/span><\/span><\/em><\/p>\n<h6><b>09:20 &#8211; 10:20 | <span><\/span><\/b><span class=\"m_8775826970909137471xxs2\"><b><span>Les perspectives du r\u00e9seau SERAFIN<\/span><\/b><\/span><u><\/u><u><\/u><\/h6>\n<p class=\"m_8775826970909137471xxp1\"><strong><span class=\"m_8775826970909137471xxs2\">R\u00e9alisations et actualit\u00e9s du r\u00e9seau SERAFIN en 2023<br \/><\/span><\/strong><span><u><\/u><u><\/u><\/span><u><\/u><u><\/u><i><span>L\u2019identit\u00e9 SERAFIN\u00a0: des op\u00e9rateurs d\u2019accompagnement publics et parapublics, au service des m\u00e9nages et des copropri\u00e9t\u00e9s, engag\u00e9s pour la qualit\u00e9 et la performance des travaux<\/span><\/i><u><\/u><u><\/u><\/p>\n<p class=\"m_8775826970909137471xxp1\"><u><\/u><u><\/u><strong><span class=\"m_8775826970909137471xxs2\">2024 et au-del\u00e0 : Convergence vers le r\u00e9f\u00e9rentiel SERAFIN et le contr\u00f4le qualit\u00e9<br \/><\/span><\/strong><u><\/u><u><\/u><em><span class=\"m_8775826970909137471xxs2\">Alice Morcrette (SPEE Hauts de France \/ SERAFIN), Antoine Herv\u00e9 <\/span><\/em><span class=\"m_8775826970909137471xxs2\"><span><em>(Pouget Consultants),\u00a0Marie Gracia\u00a0(Effinergie) et\u00a0Florent\u00a0Chatelain\u00a0(Marsh)<\/em><u><\/u><u><\/u><\/span><\/span><\/p>\n<p class=\"m_8775826970909137471xxp1\"><span><u><\/u><\/span><strong><span class=\"m_8775826970909137471xxs2\">2024 et au-del\u00e0 : le d\u00e9veloppement du r\u00e9seau SERAFIN en France<br \/><\/span><\/strong><u><\/u><u><\/u><em><span class=\"m_8775826970909137471xxs2\">Alice Morcrette (SPEE Hauts de France \/ SERAFIN) et <\/span><span class=\"m_8775826970909137471xxs2\">Marie Pourchot<\/span><span class=\"m_8775826970909137471xxapple-converted-space\">\u00a0<\/span><span class=\"m_8775826970909137471xxapple-converted-space\">(Energies Demain et SERAFIN), accompagn\u00e9es de collectivit\u00e9s t\u00e9moins<\/span><\/em><u><\/u><u><\/u><u><\/u><\/p>\n<p class=\"m_8775826970909137471xxp5\"><strong>2024 et au-del\u00e0 : <span class=\"m_8775826970909137471xxs2\">EU Peers et la communaut\u00e9 de pratiques europ\u00e9enne des ensembliers des r\u00e9novations performantes<br \/><\/span><\/strong><em>Jenny Claire Keilmann\u00a0(EU Peers et Climate Alliance) et\u00a0Christophe Milin\u00a0(CINEA)<\/em><\/p>\n<p><span style=\"font-weight: 400;\">&#8212;&#8212;&#8212;&#8212;&#8212;&#8212;&#8212;&#8212;&#8212;&#8212;&#8212;&#8212;&#8212;&#8212;&#8212;&#8212;&#8212;&#8212;&#8212;&#8212;&#8212;&#8212;&#8212;&#8212;&#8212;&#8212;&#8212;&#8212;&#8212;&#8212;&#8212;&#8212;&#8212;&#8212;&#8212;&#8212;&#8212;&#8212;&#8212;&#8212;&#8212;&#8212;&#8212;&#8212;&#8212;&#8212;&#8212;&#8212;&#8212;&#8212;<\/span><\/p>\n<h6><b>10:20 &#8211; 10:30 | Interlude<\/b><\/h6>\n<p><span style=\"font-weight: 400;\">&#8212;&#8212;&#8212;&#8212;&#8212;&#8212;&#8212;&#8212;&#8212;&#8212;&#8212;&#8212;&#8212;&#8212;&#8212;&#8212;&#8212;&#8212;&#8212;&#8212;&#8212;&#8212;&#8212;&#8212;&#8212;&#8212;&#8212;&#8212;&#8212;&#8212;&#8212;&#8212;&#8212;&#8212;&#8212;&#8212;&#8212;&#8212;&#8212;&#8212;&#8212;&#8212;&#8212;&#8212;&#8212;&#8212;&#8212;&#8212;&#8212;&#8212;<\/span><\/p>\n<h6><b>10:30 &#8211; 12:00 | <\/b><span class=\"m_8775826970909137471xxs2\"><b><span>Le projet FIDEO \u2013 Banque de la R\u00e9novation Energ\u00e9tique<\/span><\/b><\/span><u><\/u><u><\/u><\/h6>\n<p class=\"m_8775826970909137471xxp1\"><span class=\"m_8775826970909137471xxs2\"><b><span>Introduction<br \/><\/span><\/b><em>Marjolaine Meynier Millefert <\/em><\/span><em><span class=\"m_8775826970909137471xxs2\">\u2013 d\u00e9put\u00e9e &#8211; vice-pr\u00e9sidente de la commission du d\u00e9veloppement durable et de l\u2019am\u00e9nagement du territoire<\/span><\/em><u><\/u><u><\/u><\/p>\n<p class=\"m_8775826970909137471xxp1\"><strong><span class=\"m_8775826970909137471xxs2\">FIDEO-BRE : le projet pr\u00e9sent\u00e9 \u00e0 ORENO, l\u2019appel \u00e0 projets France 2030<br \/><\/span><\/strong><u><\/u><em><u><\/u><u><\/u><span class=\"m_8775826970909137471xxs2\">Fran\u00e7oise R\u00e9fabert\u00a0<\/span><span class=\"m_8775826970909137471xxs2\">(Energies Demain \/ R\u00e9seau SERAFIN)<\/span><\/em><span><u><\/u><u><\/u><\/span><\/p>\n<p class=\"m_8775826970909137471xxp1\"><strong><span class=\"m_8775826970909137471xxs2\">FIDEO-BRE : D<\/span><\/strong><strong><span class=\"m_8775826970909137471xxs2\">ialogue entre les partenaires<br \/><\/span><\/strong><u><\/u><u><\/u><em><u><\/u><u><\/u><span class=\"m_8775826970909137471xxs2\">Pierre L\u00e9vi\u00a0<\/span><span class=\"m_8775826970909137471xxs2\">(Bordeaux M\u00e9tropole Energies), Maxime Lenglet (Oktave), L\u00e9o Miranda (La Nef), Philippe Weill (Soci\u00e9t\u00e9 G\u00e9n\u00e9rale), Claire Dagnogo (PROCIVIS)<\/span><\/em><\/p>\n<p><span style=\"font-weight: 400;\">&#8212;&#8212;&#8212;&#8212;&#8212;&#8212;&#8212;&#8212;&#8212;&#8212;&#8212;&#8212;&#8212;&#8212;&#8212;&#8212;&#8212;&#8212;&#8212;&#8212;&#8212;&#8212;&#8212;&#8212;&#8212;&#8212;&#8212;&#8212;&#8212;&#8212;&#8212;&#8212;&#8212;&#8212;&#8212;&#8212;&#8212;&#8212;&#8212;&#8212;&#8212;&#8212;&#8212;&#8212;&#8212;&#8212;&#8212;&#8212;&#8212;&#8212;<\/span><\/p>\n<h6><strong>12:00 &#8211; 14:00 | <b>D\u00e9jeuner\u00a0<\/b><\/strong><\/h6>\n<p><span style=\"font-weight: 400;\">&#8212;&#8212;&#8212;&#8212;&#8212;&#8212;&#8212;&#8212;&#8212;&#8212;&#8212;&#8212;&#8212;&#8212;&#8212;&#8212;&#8212;&#8212;&#8212;&#8212;&#8212;&#8212;&#8212;&#8212;&#8212;&#8212;&#8212;&#8212;&#8212;&#8212;&#8212;&#8212;&#8212;&#8212;&#8212;&#8212;&#8212;&#8212;&#8212;&#8212;&#8212;&#8212;&#8212;&#8212;&#8212;&#8212;&#8212;&#8212;&#8212;&#8212;<\/span><\/p>\n<p>&nbsp;<\/p>\n<p>[\/et_pb_text][\/et_pb_column][\/et_pb_row][et_pb_row column_structure=\u00a0\u00bb1_2,1_2&Prime; _builder_version=\u00a0\u00bb4.24.2&Prime; _module_preset=\u00a0\u00bbdefault\u00a0\u00bb custom_margin=\u00a0\u00bb-51px||||false|false\u00a0\u00bb custom_padding=\u00a0\u00bb0px||||false|false\u00a0\u00bb global_colors_info=\u00a0\u00bb{}\u00a0\u00bb][et_pb_column type=\u00a0\u00bb1_2&Prime; _builder_version=\u00a0\u00bb4.24.2&Prime; _module_preset=\u00a0\u00bbdefault\u00a0\u00bb global_colors_info=\u00a0\u00bb{}\u00a0\u00bb][et_pb_text _builder_version=\u00a0\u00bb4.24.2&Prime; _module_preset=\u00a0\u00bbdefault\u00a0\u00bb text_font=\u00a0\u00bbArial||||||||\u00a0\u00bb text_line_height=\u00a0\u00bb1.3em\u00a0\u00bb header_4_text_color=\u00a0\u00bb#ea5045&Prime; header_6_text_color=\u00a0\u00bb#4fc0ed\u00a0\u00bb text_orientation=\u00a0\u00bbjustified\u00a0\u00bb global_colors_info=\u00a0\u00bb{}\u00a0\u00bb]<\/p>\n<h4><span>Salle I : Grande salle du CESE (FR)<\/span><\/h4>\n<h6><b>14:00 &#8211; 15:30\u00a0<\/b><u><\/u><\/h6>\n<p class=\"m_8775826970909137471xxp1\"><strong><span class=\"m_8775826970909137471xxs2\">Restitution de l\u2019\u00e9tude de l\u2019Ademe \u00ab Financement de la r\u00e9novation des logements des propri\u00e9taires occupants en pr\u00e9carit\u00e9 \u00bb<br \/><\/span><\/strong><em style=\"font-size: 14px;\"><span class=\"m_8775826970909137471xxs2\">Sarah Marquet\u00a0<\/span><span class=\"m_8775826970909137471xxs2\">(ADEME)<\/span><\/em><\/p>\n<p class=\"m_8775826970909137471xxp1\"><strong style=\"font-size: 14px;\">T<span class=\"m_8775826970909137471xxs2\">able ronde sur les conditions de l\u2019accompagnement des m\u00e9nages en situation pr\u00e9caire et le financement de leur projet<br \/><\/span><\/strong><em style=\"font-size: 14px;\"><u><\/u><u><\/u><span class=\"m_8775826970909137471xxs2\">Animation : Jennifer Daude (Energies Demain)<br \/><\/span><\/em><em style=\"font-size: 14px;\"><span class=\"m_8775826970909137471xxs2\">Participants : Gilles Berhault (TZEE), Franck Billeau (Eco Habitat), C\u00e9cile Gu\u00e9rin \u2013 Delaunay (Soliha), Martin Dassieu (Compagnons B\u00e2tisseurs)<\/span><\/em><\/p>\n<p><span style=\"font-weight: 400;\">&#8212;&#8212;&#8212;&#8212;&#8212;&#8212;&#8212;&#8212;&#8212;&#8212;&#8212;&#8212;&#8212;&#8212;&#8212;&#8212;&#8212;&#8212;&#8212;&#8212;&#8212;&#8212;&#8212;&#8212;&#8212;&#8212;&#8212;&#8212;&#8212;&#8212;<\/span><\/p>\n<h6><b>15:30 &#8211; 15:45 | Interlude<\/b><\/h6>\n<p><span style=\"font-weight: 400;\">&#8212;&#8212;&#8212;&#8212;&#8212;&#8212;&#8212;&#8212;&#8212;&#8212;&#8212;&#8212;&#8212;&#8212;&#8212;&#8212;&#8212;&#8212;&#8212;&#8212;&#8212;&#8212;&#8212;&#8212;&#8212;&#8212;&#8212;&#8212;&#8212;&#8212;<\/span><\/p>\n<h6><b>15:45 &#8211; 17:15 | <\/b><span>Salle I\u00a0: Grande salle du CESE\u00a0:<\/span><\/h6>\n<p class=\"m_8775826970909137471xxp1\"><strong><span class=\"m_8775826970909137471xxs2\">Les \u00e9volutions des pr\u00eats aid\u00e9s pour financer le \u00ab Reste \u00e0 charge \u00bb<br \/><\/span><\/strong><em style=\"font-size: 14px;\"><span class=\"m_8775826970909137471xxs2\">Jonathan Cohen\u00a0<\/span><span class=\"m_8775826970909137471xxs2\">(DHUP, Minist\u00e8re de la Transition \u00e9cologique et de la Coh\u00e9sion des territoires )<\/span><\/em><u><\/u><\/p>\n<p class=\"m_8775826970909137471xxp1\"><strong><span class=\"m_8775826970909137471xxs2\">Table ronde sur les alliances entre garantie de performance et financements \u00e9largis pour les r\u00e9novations des logements<br \/><\/span><\/strong><span class=\"m_8775826970909137471xxs2\" style=\"font-size: 14px;\">\u00a0<\/span><u style=\"font-size: 14px;\"><\/u><u style=\"font-size: 14px;\"><\/u><em style=\"font-size: 14px;\"><span class=\"m_8775826970909137471xxs2\">Animation : Philippe Weill (Soci\u00e9t\u00e9 G\u00e9n\u00e9rale)<br \/><\/span><\/em><em style=\"font-size: 14px;\"><span class=\"m_8775826970909137471xxs2\">Participants (sous r\u00e9serve) : Renocoop, SENOVA, CETELEM, \u2026<\/span><\/em><\/p>\n<p><span style=\"font-weight: 400;\">\u00a0&#8212;&#8212;&#8212;&#8212;&#8212;&#8212;&#8212;&#8212;&#8212;&#8212;&#8212;&#8212;&#8212;&#8212;&#8212;&#8212;&#8212;&#8212;&#8212;&#8212;&#8212;&#8212;&#8212;&#8212;&#8212;&#8212;&#8212;&#8212;&#8212;&#8211;<\/span><\/p>\n<p><strong><\/strong><\/p>\n<p>[\/et_pb_text][\/et_pb_column][et_pb_column type=\u00a0\u00bb1_2&Prime; _builder_version=\u00a0\u00bb4.24.2&Prime; _module_preset=\u00a0\u00bbdefault\u00a0\u00bb global_colors_info=\u00a0\u00bb{}\u00a0\u00bb][et_pb_text _builder_version=\u00a0\u00bb4.24.2&Prime; _module_preset=\u00a0\u00bbdefault\u00a0\u00bb text_font=\u00a0\u00bbArial||||||||\u00a0\u00bb text_line_height=\u00a0\u00bb1.3em\u00a0\u00bb header_4_text_color=\u00a0\u00bb#ea5045&Prime; header_6_text_color=\u00a0\u00bb#4fc0ed\u00a0\u00bb text_orientation=\u00a0\u00bbjustified\u00a0\u00bb custom_margin=\u00a0\u00bb0px||||false|false\u00a0\u00bb global_colors_info=\u00a0\u00bb{}\u00a0\u00bb]<\/p>\n<h4><span>Salle II : Amphith\u00e9\u00e2tre en \u00e9tage du CESE (EN)<\/span><\/h4>\n<h6><b>14:00 &#8211; 15:45 | Pr\u00e9sentation du d\u00e9ploiement des One Stop Shops dans quatre pays europ\u00e9ens<\/b><u><\/u><\/h6>\n<p class=\"m_8775826970909137471xxp1\"><em><span class=\"m_8775826970909137471xxs2\">Mod\u00e9ratrice : Jenny Claire Keilmann <\/span><span class=\"m_8775826970909137471xxs2\">(Climate Alliance &#8211; EU Peers Coordinator)<\/span><span class=\"m_8775826970909137471xxs2\">\u00a0<\/span><\/em><\/p>\n<p class=\"m_8775826970909137471xxp1\"><span class=\"m_8775826970909137471xxs2\"><strong>Introduction \u00e0 EU Peers<\/strong><\/span><em><span class=\"m_8775826970909137471xxs2\"><strong><br \/><\/strong>Jenny Claire Keilmann (Climate Alliance &#8211; EU Peers Coordinator)<strong><br \/><\/strong><\/span><\/em><\/p>\n<p class=\"m_8775826970909137471xxp1\"><strong>Andiamo! Teaming upscale in Italy<\/strong><br \/><em>ENEA et Piemonte<span class=\"m_8775826970909137471xxs2\"><\/span><\/em><\/p>\n<p class=\"m_8775826970909137471xxp1\"><strong>Who is an OSS here? The situation in Hungary<\/strong><br \/><em>EnergiaKlub<\/em><\/p>\n<p class=\"m_8775826970909137471xxp1\"><strong>How OSS and IHRS are not the same in Spain?<\/strong><br \/><em>Miguel Segovia (GBCE)<\/em><\/p>\n<p><strong>Ireland and the question of defining an One-Stop-Shop \/ Who\u2019s in and who\u2019s out in Ireland?<\/strong><br \/><em>SEEA<\/em><\/p>\n<p><span style=\"font-weight: 400;\">&#8212;&#8212;&#8212;&#8212;&#8212;&#8212;&#8212;&#8212;&#8212;&#8212;&#8212;&#8212;&#8212;&#8212;&#8212;&#8212;&#8212;&#8212;&#8212;&#8212;&#8212;&#8212;&#8212;&#8212;&#8212;&#8212;&#8212;&#8212;&#8212;&#8212;<\/span><\/p>\n<h6><b>15:45 &#8211; 16:00 | Interlude<\/b><\/h6>\n<p><span style=\"font-weight: 400;\">&#8212;&#8212;&#8212;&#8212;&#8212;&#8212;&#8212;&#8212;&#8212;&#8212;&#8212;&#8212;&#8212;&#8212;&#8212;&#8212;&#8212;&#8212;&#8212;&#8212;&#8212;&#8212;&#8212;&#8212;&#8212;&#8212;&#8212;&#8212;&#8212;&#8212;<\/span><\/p>\n<h6><b>16:00 &#8211; 17:15<\/b><\/h6>\n<p><strong>Panorama de solutions de financement innovantes en Europe<br \/><\/strong><b><\/b><span class=\"m_8775826970909137471xxs2\"><span><em>Animation :\u00a0Alvaro Salamanca Alcazar\u00a0(GNE)<\/em><u><\/u><u><\/u><\/span><\/span><\/p>\n<p><span style=\"font-weight: 400;\">\u00a0&#8212;&#8212;&#8212;&#8212;&#8212;&#8212;&#8212;&#8212;&#8212;&#8212;&#8212;&#8212;&#8212;&#8212;&#8212;&#8212;&#8212;&#8212;&#8212;&#8212;&#8212;&#8212;&#8212;&#8212;&#8212;&#8212;&#8212;&#8212;&#8212;&#8211;<\/span><\/p>\n<h6><\/h6>\n<p><strong><\/strong><\/p>\n<p>[\/et_pb_text][\/et_pb_column][\/et_pb_row][et_pb_row _builder_version=\u00a0\u00bb4.24.2&Prime; _module_preset=\u00a0\u00bbdefault\u00a0\u00bb custom_margin=\u00a0\u00bb-29px||||false|false\u00a0\u00bb custom_padding=\u00a0\u00bb0px||||false|false\u00a0\u00bb global_colors_info=\u00a0\u00bb{}\u00a0\u00bb][et_pb_column type=\u00a0\u00bb4_4&Prime; _builder_version=\u00a0\u00bb4.24.2&Prime; _module_preset=\u00a0\u00bbdefault\u00a0\u00bb global_colors_info=\u00a0\u00bb{}\u00a0\u00bb][et_pb_text _builder_version=\u00a0\u00bb4.24.2&Prime; _module_preset=\u00a0\u00bbdefault\u00a0\u00bb text_font=\u00a0\u00bbArial||||||||\u00a0\u00bb text_line_height=\u00a0\u00bb1.3em\u00a0\u00bb header_4_text_color=\u00a0\u00bb#ea5045&Prime; header_6_text_color=\u00a0\u00bb#4fc0ed\u00a0\u00bb text_orientation=\u00a0\u00bbjustified\u00a0\u00bb global_colors_info=\u00a0\u00bb{}\u00a0\u00bb]<\/p>\n<h6><span class=\"m_8775826970909137471xxs2\"><b><span>17:30 \u2013 18:00\u00a0 | CONCLUSIONS (Grande salle)<\/span><\/b><\/span><u><\/u><u><\/u><\/h6>\n<p class=\"m_8775826970909137471xxp1\"><em><span class=\"m_8775826970909137471xxs2\">Christophe Milin (CINEA), Hacina Py (Soci\u00e9t\u00e9 G\u00e9n\u00e9rale), Alice Morcrette (SPEE Hauts de FRance \/ SERAFIN)<\/span>,\u00a0<span class=\"m_8775826970909137471xxs2\">Fran\u00e7oise R\u00e9fabert (Energies Demain\/SERAFIN)<\/span><\/em><span><u><\/u><u><\/u><\/span><\/p>\n<p>[\/et_pb_text][et_pb_divider color=\u00a0\u00bb#4fc0ed\u00a0\u00bb divider_weight=\u00a0\u00bb3px\u00a0\u00bb _builder_version=\u00a0\u00bb4.24.2&Prime; _module_preset=\u00a0\u00bbdefault\u00a0\u00bb custom_margin=\u00a0\u00bb8px||||false|false\u00a0\u00bb custom_padding=\u00a0\u00bb20px||||false|false\u00a0\u00bb global_colors_info=\u00a0\u00bb{}\u00a0\u00bb][\/et_pb_divider][et_pb_text _builder_version=\u00a0\u00bb4.24.2&Prime; _module_preset=\u00a0\u00bbdefault\u00a0\u00bb text_font=\u00a0\u00bbArial||||||||\u00a0\u00bb text_line_height=\u00a0\u00bb1.1em\u00a0\u00bb header_4_font=\u00a0\u00bb|||on|||||\u00a0\u00bb header_4_text_color=\u00a0\u00bb#ea5045&Prime; header_6_text_color=\u00a0\u00bb#4fc0ed\u00a0\u00bb text_orientation=\u00a0\u00bbjustified\u00a0\u00bb custom_margin=\u00a0\u00bb0px||||false|false\u00a0\u00bb custom_padding=\u00a0\u00bb0px||||false|false\u00a0\u00bb global_colors_info=\u00a0\u00bb{}\u00a0\u00bb]<\/p>\n<h4 style=\"text-align: justify;\">A QUI S&rsquo;ADRESSE CETTE JOURN\u00e9e ?<\/h4>\n<p><span>Cette journ\u00e9e est d\u00e9di\u00e9e : <\/span><\/p>\n<ul>\n<li style=\"list-style-type: none;\">\n<ul>\n<li style=\"text-align: justify;\">aux op\u00e9rateurs du secteur public et de la fili\u00e8re de la r\u00e9novation, qui accompagnent les particuliers et les copropri\u00e9t\u00e9s pour r\u00e9aliser des r\u00e9novations \u00e9nerg\u00e9tiquement performantes et adapter les habitats au changement climatique ;<\/li>\n<li style=\"text-align: justify;\"><span>aux institutions qui les soutiennent, \u00e0 l\u2019\u00e9chelle locale, nationale et europ\u00e9enne ;<\/span><\/li>\n<li style=\"text-align: justify;\"><span>aux banques et financeurs de la r\u00e9novation.<\/span><\/li>\n<\/ul>\n<\/li>\n<\/ul>\n<p>[\/et_pb_text][et_pb_text _builder_version=\u00a0\u00bb4.24.2&Prime; _module_preset=\u00a0\u00bbdefault\u00a0\u00bb text_font=\u00a0\u00bbArial||||||||\u00a0\u00bb text_line_height=\u00a0\u00bb1.3em\u00a0\u00bb header_4_font=\u00a0\u00bb|||on|||||\u00a0\u00bb header_4_text_color=\u00a0\u00bb#ea5045&Prime; header_6_text_color=\u00a0\u00bb#4fc0ed\u00a0\u00bb text_orientation=\u00a0\u00bbjustified\u00a0\u00bb global_colors_info=\u00a0\u00bb{}\u00a0\u00bb]<\/p>\n<h4 style=\"text-align: justify;\">POURQUOI PArTICIPER ?<\/h4>\n<p style=\"text-align: justify;\"><span>Cette journ\u00e9e d&rsquo;\u00e9change sur les politiques publiques fran\u00e7aises et europ\u00e9ennes en faveur de la r\u00e9novation performante vous permettra de d\u00e9couvrir des initiatives territoriales et d\u2019appr\u00e9cier l\u2019action des soci\u00e9t\u00e9s de tiers-financement au regard des politiques publiques nationales. Elle sera \u00e9galement l\u2019occasion d\u2019\u00e9changer avec les banques et financeurs fran\u00e7ais et europ\u00e9ens autour des questions de financement et de d\u00e9couvrir les initiatives europ\u00e9ennes en mati\u00e8re d\u2019accompagnement des m\u00e9nages.\u00a0<\/span><\/p>\n<p><span>Vous rencontrerez les repr\u00e9sentants des dispositifs d&rsquo;accompagnement \u00e0 la r\u00e9novation des logements, des initiatives qui visent les publics pr\u00e9caires, les dirigeants des soci\u00e9t\u00e9s de tiers-financement et les membres fondateurs du R\u00e9seau SERAFIN, les repr\u00e9sentants des collectivit\u00e9s mobilis\u00e9s sur ces enjeux de politique locale, des r\u00e9seaux qui \u0153uvrent pour des b\u00e2timents durables, des services et des agences de l&rsquo;Etat, des banques partenaires du projet FIDEO-Banque de la R\u00e9novation, etc.<\/span><br \/><span>\u00a0<\/span><br \/><span>Entrez en contact \u00e9galement avec les repr\u00e9sentants de la Commission Europ\u00e9enne en charge de l&rsquo;application de la Directive sur la Performance Energ\u00e9tique des B\u00e2timents, fond\u00e9e sur le principe &lsquo;Energy Efficiency first&rsquo;, de CINEA, l&rsquo;agence ex\u00e9cutive en charge du programme LIFE, de la Banque Europ\u00e9enne d&rsquo;Investissement, des porteurs de projet europ\u00e9ens de Services Int\u00e9gr\u00e9s de R\u00e9novation Energ\u00e9tique \u2026<\/span><\/p>\n<p>[\/et_pb_text][\/et_pb_column][\/et_pb_row][\/et_pb_section]<\/p>\n","protected":false},"excerpt":{"rendered":"<p>Cette journ\u00e9e sera l\u2019occasion de d\u00e9couvrir les acteurs territoriaux et les initiatives agissant sur le champ de l\u2019accompagnement des m\u00e9nages dans leurs projets de r\u00e9novation \u00e9nerg\u00e9tique performante et facilitant l\u2019acc\u00e8s au financement sur le plan national, mais \u00e9galement europ\u00e9en. Alors que MonAccompagnateurR\u00e9nov\u2019 se d\u00e9ploie, nous c\u00e9l\u00e9brons l\u2019ach\u00e8vement du programme europ\u00e9en ORFEE qui a permis de [&hellip;]<\/p>\n","protected":false},"author":1,"featured_media":0,"comment_status":"closed","ping_status":"open","sticky":false,"template":"","format":"standard","meta":{"_et_pb_use_builder":"on","_et_pb_old_content":"","_et_gb_content_width":"","footnotes":""},"categories":[62,50],"tags":[],"class_list":["post-951","post","type-post","status-publish","format-standard","hentry","category-agenda-passe","category-colonne_1-fr"],"_links":{"self":[{"href":"https:\/\/serafin-renov.fr\/index.php\/wp-json\/wp\/v2\/posts\/951","targetHints":{"allow":["GET"]}}],"collection":[{"href":"https:\/\/serafin-renov.fr\/index.php\/wp-json\/wp\/v2\/posts"}],"about":[{"href":"https:\/\/serafin-renov.fr\/index.php\/wp-json\/wp\/v2\/types\/post"}],"author":[{"embeddable":true,"href":"https:\/\/serafin-renov.fr\/index.php\/wp-json\/wp\/v2\/users\/1"}],"replies":[{"embeddable":true,"href":"https:\/\/serafin-renov.fr\/index.php\/wp-json\/wp\/v2\/comments?post=951"}],"version-history":[{"count":27,"href":"https:\/\/serafin-renov.fr\/index.php\/wp-json\/wp\/v2\/posts\/951\/revisions"}],"predecessor-version":[{"id":1056,"href":"https:\/\/serafin-renov.fr\/index.php\/wp-json\/wp\/v2\/posts\/951\/revisions\/1056"}],"wp:attachment":[{"href":"https:\/\/serafin-renov.fr\/index.php\/wp-json\/wp\/v2\/media?parent=951"}],"wp:term":[{"taxonomy":"category","embeddable":true,"href":"https:\/\/serafin-renov.fr\/index.php\/wp-json\/wp\/v2\/categories?post=951"},{"taxonomy":"post_tag","embeddable":true,"href":"https:\/\/serafin-renov.fr\/index.php\/wp-json\/wp\/v2\/tags?post=951"}],"curies":[{"name":"wp","href":"https:\/\/api.w.org\/{rel}","templated":true}]}}