{"id":911,"date":"2023-12-22T09:05:53","date_gmt":"2023-12-22T08:05:53","guid":{"rendered":"https:\/\/serafin-renov.fr\/?p=911"},"modified":"2024-02-27T17:57:49","modified_gmt":"2024-02-27T16:57:49","slug":"elena-roadshow","status":"publish","type":"post","link":"https:\/\/serafin-renov.fr\/index.php\/elena-roadshow\/","title":{"rendered":"ELENA Roadshow"},"content":{"rendered":"<p>[et_pb_section fb_built=\u00a0\u00bb1&Prime; _builder_version=\u00a0\u00bb4.23.2&Prime; _module_preset=\u00a0\u00bbdefault\u00a0\u00bb global_colors_info=\u00a0\u00bb{}\u00a0\u00bb][et_pb_row _builder_version=\u00a0\u00bb4.23.2&Prime; _module_preset=\u00a0\u00bbdefault\u00a0\u00bb custom_margin=\u00a0\u00bb0px||||false|false\u00a0\u00bb custom_padding=\u00a0\u00bb0px||||false|false\u00a0\u00bb global_colors_info=\u00a0\u00bb{}\u00a0\u00bb][et_pb_column type=\u00a0\u00bb4_4&Prime; _builder_version=\u00a0\u00bb4.23.2&Prime; _module_preset=\u00a0\u00bbdefault\u00a0\u00bb global_colors_info=\u00a0\u00bb{}\u00a0\u00bb][et_pb_image src=\u00a0\u00bbhttps:\/\/serafin-renov.fr\/wp-content\/uploads\/2023\/12\/ELENA.jpg\u00a0\u00bb title_text=\u00a0\u00bbELENA\u00a0\u00bb _builder_version=\u00a0\u00bb4.23.2&Prime; _module_preset=\u00a0\u00bbdefault\u00a0\u00bb global_colors_info=\u00a0\u00bb{}\u00a0\u00bb][\/et_pb_image][et_pb_text _builder_version=\u00a0\u00bb4.24.2&Prime; _module_preset=\u00a0\u00bbdefault\u00a0\u00bb hover_enabled=\u00a0\u00bb0&Prime; global_colors_info=\u00a0\u00bb{}\u00a0\u00bb sticky_enabled=\u00a0\u00bb0&Prime;]<\/p>\n<h4 style=\"text-align: justify;\">30 janvier 2024 | Paris<\/h4>\n<p style=\"text-align: justify;\">\n<p style=\"text-align: justify;\">La Banque Europ\u00e9enne d&rsquo;Investissement vous donne rendez-vous le 30 janvier 2024 \u00e0 Paris pour pr\u00e9senter le programme europ\u00e9en d&rsquo;assistance technique ELENA qui vise \u00e0 soutenir les projets d&rsquo;efficacit\u00e9 \u00e9nerg\u00e9tique, d&rsquo;\u00e9nergies renouvelables dans le b\u00e2ti et les transports urbains innovants.<\/p>\n<p style=\"text-align: justify;\">Cet \u00e9v\u00e8nement est d\u00e9di\u00e9 \u00e0 des responsables de projets ou de structures tr\u00e8s diverses (collectivit\u00e9s, r\u00e9gies, SEM, bailleurs sociaux, entreprises priv\u00e9es, agences de l&rsquo;\u00e9nergies et autres associations&#8230;), qui voudraient avoir des renseignements concrets sur les modalit\u00e9s de l\u2019assistance technique ELENA, en vue de d\u00e9poser un dossier pour financer des d\u00e9veloppements (par exemple pour d\u00e9velopper et \/ ou agr\u00e9ger des projets de r\u00e9novations \u00e9nerg\u00e9tiques, de production ENR, de r\u00e9seaux de chaleur ou de mobilit\u00e9).<\/p>\n<p><strong>Lieu :<\/strong> Paris centre<br \/><strong>Mod\u00e9ratrice :<\/strong> Mme Fran\u00e7oise R\u00e9fabert, Directrice G\u00e9n\u00e9rale, \u00c9nergies Demain<\/p>\n<p><strong>En savoir plus :<\/strong><\/p>\n<ul>\n<li>Programme : <a href=\"https:\/\/assets-global.website-files.com\/60759cc5fd248cb4cbd19685\/6583206b4b272e5864b36943_Agenda_EIB-Elena-Paris_20231220.pdf\" target=\"_blank\" rel=\"noopener\">ici<\/a><\/li>\n<li>Site internet : <a href=\"https:\/\/www.euconf.eu\/events\/elena-roadshow-paris\" target=\"_blank\" rel=\"noopener\">ici<\/a><\/li>\n<\/ul>\n<p>[\/et_pb_text][\/et_pb_column][\/et_pb_row][\/et_pb_section]<\/p>\n","protected":false},"excerpt":{"rendered":"<p>30 janvier 2024 | Paris La Banque Europ\u00e9enne d&rsquo;Investissement vous donne rendez-vous le 30 janvier 2024 \u00e0 Paris pour pr\u00e9senter le programme europ\u00e9en d&rsquo;assistance technique ELENA qui vise \u00e0 soutenir les projets d&rsquo;efficacit\u00e9 \u00e9nerg\u00e9tique, d&rsquo;\u00e9nergies renouvelables dans le b\u00e2ti et les transports urbains innovants. Cet \u00e9v\u00e8nement est d\u00e9di\u00e9 \u00e0 des responsables de projets ou de [&hellip;]<\/p>\n","protected":false},"author":1,"featured_media":0,"comment_status":"closed","ping_status":"open","sticky":false,"template":"","format":"standard","meta":{"_et_pb_use_builder":"on","_et_pb_old_content":"","_et_gb_content_width":"","footnotes":""},"categories":[62],"tags":[],"class_list":["post-911","post","type-post","status-publish","format-standard","hentry","category-agenda-passe"],"_links":{"self":[{"href":"https:\/\/serafin-renov.fr\/index.php\/wp-json\/wp\/v2\/posts\/911","targetHints":{"allow":["GET"]}}],"collection":[{"href":"https:\/\/serafin-renov.fr\/index.php\/wp-json\/wp\/v2\/posts"}],"about":[{"href":"https:\/\/serafin-renov.fr\/index.php\/wp-json\/wp\/v2\/types\/post"}],"author":[{"embeddable":true,"href":"https:\/\/serafin-renov.fr\/index.php\/wp-json\/wp\/v2\/users\/1"}],"replies":[{"embeddable":true,"href":"https:\/\/serafin-renov.fr\/index.php\/wp-json\/wp\/v2\/comments?post=911"}],"version-history":[{"count":6,"href":"https:\/\/serafin-renov.fr\/index.php\/wp-json\/wp\/v2\/posts\/911\/revisions"}],"predecessor-version":[{"id":1003,"href":"https:\/\/serafin-renov.fr\/index.php\/wp-json\/wp\/v2\/posts\/911\/revisions\/1003"}],"wp:attachment":[{"href":"https:\/\/serafin-renov.fr\/index.php\/wp-json\/wp\/v2\/media?parent=911"}],"wp:term":[{"taxonomy":"category","embeddable":true,"href":"https:\/\/serafin-renov.fr\/index.php\/wp-json\/wp\/v2\/categories?post=911"},{"taxonomy":"post_tag","embeddable":true,"href":"https:\/\/serafin-renov.fr\/index.php\/wp-json\/wp\/v2\/tags?post=911"}],"curies":[{"name":"wp","href":"https:\/\/api.w.org\/{rel}","templated":true}]}}