{"id":889,"date":"2023-12-11T10:20:44","date_gmt":"2023-12-11T09:20:44","guid":{"rendered":"https:\/\/serafin-renov.fr\/?p=889"},"modified":"2023-12-22T09:15:33","modified_gmt":"2023-12-22T08:15:33","slug":"journee-des-serafin-6","status":"publish","type":"post","link":"https:\/\/serafin-renov.fr\/index.php\/journee-des-serafin-6\/","title":{"rendered":"Journ\u00e9e des Serafin"},"content":{"rendered":"<p>[et_pb_section fb_built=\u00a0\u00bb1&Prime; _builder_version=\u00a0\u00bb4.18.0&Prime; _module_preset=\u00a0\u00bbdefault\u00a0\u00bb global_colors_info=\u00a0\u00bb{}\u00a0\u00bb][et_pb_row _builder_version=\u00a0\u00bb4.18.0&Prime; _module_preset=\u00a0\u00bbdefault\u00a0\u00bb global_colors_info=\u00a0\u00bb{}\u00a0\u00bb][et_pb_column type=\u00a0\u00bb4_4&Prime; _builder_version=\u00a0\u00bb4.18.0&Prime; _module_preset=\u00a0\u00bbdefault\u00a0\u00bb global_colors_info=\u00a0\u00bb{}\u00a0\u00bb][et_pb_text _builder_version=\u00a0\u00bb4.23.1&Prime; _module_preset=\u00a0\u00bbdefault\u00a0\u00bb header_2_font=\u00a0\u00bb|||on|||||\u00a0\u00bb global_colors_info=\u00a0\u00bb{}\u00a0\u00bb]<\/p>\n<h2>12 et 13 d\u00e9cembre 2023 | Strasbourg<\/h2>\n<p>&nbsp;<\/p>\n<p>[\/et_pb_text][\/et_pb_column][\/et_pb_row][et_pb_row _builder_version=\u00a0\u00bb4.18.0&Prime; _module_preset=\u00a0\u00bbdefault\u00a0\u00bb custom_margin=\u00a0\u00bb-55px||||false|false\u00a0\u00bb global_colors_info=\u00a0\u00bb{}\u00a0\u00bb][et_pb_column type=\u00a0\u00bb4_4&Prime; _builder_version=\u00a0\u00bb4.18.0&Prime; _module_preset=\u00a0\u00bbdefault\u00a0\u00bb global_colors_info=\u00a0\u00bb{}\u00a0\u00bb][et_pb_image src=\u00a0\u00bbhttps:\/\/serafin-renov.fr\/wp-content\/uploads\/2023\/12\/1702393702749.jpg\u00a0\u00bb title_text=\u00a0\u00bb1702393702749&Prime; _builder_version=\u00a0\u00bb4.23.2&Prime; _module_preset=\u00a0\u00bbdefault\u00a0\u00bb hover_enabled=\u00a0\u00bb0&Prime; global_colors_info=\u00a0\u00bb{}\u00a0\u00bb sticky_enabled=\u00a0\u00bb0&Prime;][\/et_pb_image][et_pb_text _builder_version=\u00a0\u00bb4.23.2&Prime; _module_preset=\u00a0\u00bbdefault\u00a0\u00bb hover_enabled=\u00a0\u00bb0&Prime; sticky_enabled=\u00a0\u00bb0&Prime;]<\/p>\n<p style=\"text-align: justify;\"><a class=\"app-aware-link \" target=\"_self\" href=\"https:\/\/www.linkedin.com\/company\/association-serafin\/\" data-test-app-aware-link=\"\" rel=\"noopener\"><span>Association SERAFIN<\/span><\/a><span class=\"white-space-pre\"> <\/span><span>&#8211; phase II :<\/span><span class=\"white-space-pre\"> <\/span><span><br \/><\/span><span>R\u00e9unis \u00e0 Strasbourg par<\/span><span class=\"white-space-pre\"> <\/span><a class=\"app-aware-link \" target=\"_self\" href=\"https:\/\/www.linkedin.com\/company\/oktaverenovation\/\" data-test-app-aware-link=\"\" rel=\"noopener\"><span>Oktave<\/span><\/a><span class=\"white-space-pre\"> <\/span><span>dans les superbes locaux de la r\u00e9gion<\/span><span class=\"white-space-pre\"> <\/span><a class=\"app-aware-link \" target=\"_self\" href=\"https:\/\/www.linkedin.com\/company\/regiongrandest\/\" data-test-app-aware-link=\"\" rel=\"noopener\"><span>R\u00e9gion Grand Est<\/span><\/a><span>, les membres fondateurs planchent pour leur dixi\u00e8me rencontre sur la deuxi\u00e8me phase de leur action:<\/span><span><br \/><\/span><span><\/span><\/p>\n<ul>\n<li style=\"list-style-type: none;\">\n<ul>\n<li style=\"list-style-type: none;\">\n<ul>\n<li style=\"text-align: justify;\"><span>Approfondir et diffuser leur r\u00e9f\u00e9rentiel m\u00e9tier et qualit\u00e9, base imp\u00e9rative de s\u00e9lection des projets qui seront garantis et financ\u00e9s par<\/span><span class=\"white-space-pre\"> <\/span><span><a class=\"app-aware-link \" href=\"https:\/\/www.linkedin.com\/feed\/hashtag\/?keywords=fideo&amp;highlightedUpdateUrns=urn%3Ali%3Aactivity%3A7140356721301938178\" data-test-app-aware-link=\"\"><span class=\"visually-hidden\">hashtag<\/span><span aria-hidden=\"true\">#<\/span>Fideo<\/a><\/span><span>-Banque de la R\u00e9novation \u00c9nerg\u00e9tique<\/span><\/li>\n<li style=\"text-align: justify;\"><span>D\u00e9velopper le r\u00e9seau en accueillant des nouveaux membres et ainsi offrir \u00e0 terme 90% de la population le meilleur de l\u2019accompagnement et les outils de financement adapt\u00e9s \u00e0 tous les habitants, quelque soit leur situation sanitaire, sociale ou d\u2019\u00e2ge.<\/span><\/li>\n<li style=\"text-align: justify;\"><span>\u00catre partie prenante de toutes les r\u00e9flexions sur la structuration de la r\u00e9novation \u00e9nerg\u00e9tique des logements en France en partenaire attentif et t\u00e9moin du terrain aupr\u00e8s des administrations, des syndics, des banques et de toutes les parties prenantes de ce march\u00e9.<\/span><span class=\"white-space-pre\"> <\/span><span><br \/><\/span><span><\/span><\/li>\n<\/ul>\n<\/li>\n<\/ul>\n<\/li>\n<\/ul>\n<p><span>C\u2019\u00e9tait d\u00e9j\u00e0 \u00e0 Strasbourg que SERAFIN avait imagin\u00e9 son nom et pos\u00e9 les premi\u00e8res ambitions de cet acteur ambitieux, r\u00e9aliste et ancr\u00e9 dans la r\u00e9alit\u00e9 des territoires.<\/span><span class=\"white-space-pre\"> <\/span><span><br \/><\/span><span><br \/><\/span><span>Accompagner, r\u00e9aliser, financer: SERAFIN est un r\u00e9seau au service du bien commun pour faciliter, fluidifier et s\u00e9curiser tous les acteurs pour la r\u00e9ussite de cette mission de r\u00e9novation de l\u2019habitat au service de ses habitants.<\/span><span class=\"white-space-pre\"> <\/span><span><br \/><\/span><span><br \/><\/span>Source : <a href=\"https:\/\/www.linkedin.com\/posts\/sebastiendescours_fideo-renovation-transition-activity-7140356721301938178-eEwJ\/\" target=\"_blank\" rel=\"noopener\">Linkedin <span class=\"update-components-actor__name hoverable-link-text               t-14 t-bold               t-black\"><span dir=\"ltr\"><span aria-hidden=\"true\">Descours S\u00e9bastien\u00a0<\/span><\/span><\/span><\/a><span><\/span><\/p>\n<p>[\/et_pb_text][\/et_pb_column][\/et_pb_row][\/et_pb_section]<\/p>\n","protected":false},"excerpt":{"rendered":"<p>12 et 13 d\u00e9cembre 2023 | Strasbourg &nbsp;Association SERAFIN &#8211; phase II : R\u00e9unis \u00e0 Strasbourg par Oktave dans les superbes locaux de la r\u00e9gion R\u00e9gion Grand Est, les membres fondateurs planchent pour leur dixi\u00e8me rencontre sur la deuxi\u00e8me phase de leur action: Approfondir et diffuser leur r\u00e9f\u00e9rentiel m\u00e9tier et qualit\u00e9, base imp\u00e9rative de s\u00e9lection [&hellip;]<\/p>\n","protected":false},"author":1,"featured_media":0,"comment_status":"closed","ping_status":"open","sticky":false,"template":"","format":"standard","meta":{"_et_pb_use_builder":"on","_et_pb_old_content":"","_et_gb_content_width":"","footnotes":""},"categories":[62],"tags":[],"class_list":["post-889","post","type-post","status-publish","format-standard","hentry","category-agenda-passe"],"_links":{"self":[{"href":"https:\/\/serafin-renov.fr\/index.php\/wp-json\/wp\/v2\/posts\/889","targetHints":{"allow":["GET"]}}],"collection":[{"href":"https:\/\/serafin-renov.fr\/index.php\/wp-json\/wp\/v2\/posts"}],"about":[{"href":"https:\/\/serafin-renov.fr\/index.php\/wp-json\/wp\/v2\/types\/post"}],"author":[{"embeddable":true,"href":"https:\/\/serafin-renov.fr\/index.php\/wp-json\/wp\/v2\/users\/1"}],"replies":[{"embeddable":true,"href":"https:\/\/serafin-renov.fr\/index.php\/wp-json\/wp\/v2\/comments?post=889"}],"version-history":[{"count":3,"href":"https:\/\/serafin-renov.fr\/index.php\/wp-json\/wp\/v2\/posts\/889\/revisions"}],"predecessor-version":[{"id":921,"href":"https:\/\/serafin-renov.fr\/index.php\/wp-json\/wp\/v2\/posts\/889\/revisions\/921"}],"wp:attachment":[{"href":"https:\/\/serafin-renov.fr\/index.php\/wp-json\/wp\/v2\/media?parent=889"}],"wp:term":[{"taxonomy":"category","embeddable":true,"href":"https:\/\/serafin-renov.fr\/index.php\/wp-json\/wp\/v2\/categories?post=889"},{"taxonomy":"post_tag","embeddable":true,"href":"https:\/\/serafin-renov.fr\/index.php\/wp-json\/wp\/v2\/tags?post=889"}],"curies":[{"name":"wp","href":"https:\/\/api.w.org\/{rel}","templated":true}]}}