{"id":861,"date":"2023-10-04T15:45:18","date_gmt":"2023-10-04T13:45:18","guid":{"rendered":"https:\/\/serafin-renov.fr\/?p=861"},"modified":"2024-02-27T17:18:43","modified_gmt":"2024-02-27T16:18:43","slug":"renovacteurs","status":"publish","type":"post","link":"https:\/\/serafin-renov.fr\/index.php\/renovacteurs\/","title":{"rendered":"\u00a0R\u00e9nov\u2019acteurs"},"content":{"rendered":"<p>[et_pb_section fb_built=\u00a0\u00bb1&Prime; _builder_version=\u00a0\u00bb4.18.0&Prime; _module_preset=\u00a0\u00bbdefault\u00a0\u00bb global_colors_info=\u00a0\u00bb{}\u00a0\u00bb][et_pb_row _builder_version=\u00a0\u00bb4.18.0&Prime; _module_preset=\u00a0\u00bbdefault\u00a0\u00bb global_colors_info=\u00a0\u00bb{}\u00a0\u00bb][et_pb_column type=\u00a0\u00bb4_4&Prime; _builder_version=\u00a0\u00bb4.18.0&Prime; _module_preset=\u00a0\u00bbdefault\u00a0\u00bb global_colors_info=\u00a0\u00bb{}\u00a0\u00bb][et_pb_text _builder_version=\u00a0\u00bb4.24.2&Prime; _module_preset=\u00a0\u00bbdefault\u00a0\u00bb header_4_font=\u00a0\u00bb|||on|||||\u00a0\u00bb header_6_font=\u00a0\u00bb|||on|||||\u00a0\u00bb hover_enabled=\u00a0\u00bb0&Prime; global_colors_info=\u00a0\u00bb{}\u00a0\u00bb sticky_enabled=\u00a0\u00bb0&Prime;]<\/p>\n<h4>4 octobre 2023 | Paris<\/h4>\n<p>&nbsp;<\/p>\n<div><span>R\u00c9NOV&rsquo;ACTEURS est l\u2019occasion pour tous les participants et acteurs de la fili\u00e8re de :<\/span><\/div>\n<div>\n<ul>\n<li><b>D\u00e9velopper leur r\u00e9seau <\/b>de partenaires, clients ou prospects<\/li>\n<li><b>Renforcer les synergies et la coope\u0301ration<\/b> entre les diffe\u0301rents acteurs \u00e0 l\u2019\u00e9chelle nationale et territoriale<\/li>\n<li><b>De\u0301couvrir des r\u00e9alisations concr\u00e8tes<\/b> mais \u00e9galement des projets, innovations et initiatives au service de re\u0301novations globales et performantes<\/li>\n<li><b>E\u0301clairer <\/b>les prises de de\u0301cision et le passage a\u0300 l\u2019acte<\/li>\n<li><b>Explorer de nouveaux leviers<\/b> pour acce\u0301le\u0301rer la re\u0301novation globale des coproprie\u0301te\u0301s<\/li>\n<\/ul>\n<p><strong>Intervention Serafin :<\/strong><\/p>\n<h6 style=\"padding-left: 40px;\"><span class=\"date date\"><span class=\"day\">4 oct. 2023<\/span><span class=\"\"><span class=\"fieldval\"><span class=\"fieldtext\"><span> \u2014 <\/span><\/span><\/span><\/span><\/span><span class=\"hour bloc-accent hour bloc-accent\"><span class=\"time\">14:30<\/span><span class=\"time time\"><span class=\"fieldval\"><span class=\"fieldtext\"><span> &#8211; <\/span><\/span><\/span><\/span><span class=\"time\">15:30 | <\/span><\/span>Auditorium<\/h6>\n<p style=\"padding-left: 40px;\"><span>Fran\u00e7oise R\u00e9fabert, Co-dirigeante d&rsquo;Energies Demain et Membre Serafin<br \/><\/span><\/p>\n<p style=\"padding-left: 40px;\"><strong><em>R\u00e9novation des copropri\u00e9t\u00e9s : comment optimiser financement public et financement priv\u00e9 ?<\/em><\/strong><\/p>\n<p style=\"padding-left: 40px;\"><em>Urgence climatique, transition \u00e9cologique, sobri\u00e9t\u00e9 et performance \u00e9nerg\u00e9tique, pression r\u00e9glementaire &#8230; Au regard des enjeux qu\u2019elle repr\u00e9sente, la r\u00e9novation s\u2019est impos\u00e9e, ces derni\u00e8res ann\u00e9es, comme priorit\u00e9 et levier pour atteindre la neutralit\u00e9 carbone \u00e0 l\u2019horizon 2050. Mais si la prise de conscience et l\u2019intention d\u2019agir sont bien l\u00e0, le financement reste le principal frein pour relever le d\u00e9fi et atteindre les objectifs fix\u00e9s. Mobiliser les acteurs bancaires et imaginer d\u2019autres sources de financement est devenu prioritaire. La r\u00e9novation \u00e9nerg\u00e9tique, sera conjointement port\u00e9e par des financements publics et priv\u00e9s ou ne sera pas &#8230;<\/em><\/p>\n<\/div>\n<p>[\/et_pb_text][et_pb_image src=\u00a0\u00bbhttps:\/\/serafin-renov.fr\/wp-content\/uploads\/2023\/09\/1695132247425.jpg\u00a0\u00bb title_text=\u00a0\u00bb1695132247425&Prime; _builder_version=\u00a0\u00bb4.18.0&Prime; _module_preset=\u00a0\u00bbdefault\u00a0\u00bb global_colors_info=\u00a0\u00bb{}\u00a0\u00bb][\/et_pb_image][\/et_pb_column][\/et_pb_row][\/et_pb_section]<\/p>\n","protected":false},"excerpt":{"rendered":"<p>4 octobre 2023 | Paris &nbsp; R\u00c9NOV&rsquo;ACTEURS est l\u2019occasion pour tous les participants et acteurs de la fili\u00e8re de : D\u00e9velopper leur r\u00e9seau de partenaires, clients ou prospects Renforcer les synergies et la coope\u0301ration entre les diffe\u0301rents acteurs \u00e0 l\u2019\u00e9chelle nationale et territoriale De\u0301couvrir des r\u00e9alisations concr\u00e8tes mais \u00e9galement des projets, innovations et initiatives au [&hellip;]<\/p>\n","protected":false},"author":1,"featured_media":0,"comment_status":"closed","ping_status":"open","sticky":false,"template":"","format":"standard","meta":{"_et_pb_use_builder":"on","_et_pb_old_content":"","_et_gb_content_width":"","footnotes":""},"categories":[62],"tags":[],"class_list":["post-861","post","type-post","status-publish","format-standard","hentry","category-agenda-passe"],"_links":{"self":[{"href":"https:\/\/serafin-renov.fr\/index.php\/wp-json\/wp\/v2\/posts\/861","targetHints":{"allow":["GET"]}}],"collection":[{"href":"https:\/\/serafin-renov.fr\/index.php\/wp-json\/wp\/v2\/posts"}],"about":[{"href":"https:\/\/serafin-renov.fr\/index.php\/wp-json\/wp\/v2\/types\/post"}],"author":[{"embeddable":true,"href":"https:\/\/serafin-renov.fr\/index.php\/wp-json\/wp\/v2\/users\/1"}],"replies":[{"embeddable":true,"href":"https:\/\/serafin-renov.fr\/index.php\/wp-json\/wp\/v2\/comments?post=861"}],"version-history":[{"count":4,"href":"https:\/\/serafin-renov.fr\/index.php\/wp-json\/wp\/v2\/posts\/861\/revisions"}],"predecessor-version":[{"id":1001,"href":"https:\/\/serafin-renov.fr\/index.php\/wp-json\/wp\/v2\/posts\/861\/revisions\/1001"}],"wp:attachment":[{"href":"https:\/\/serafin-renov.fr\/index.php\/wp-json\/wp\/v2\/media?parent=861"}],"wp:term":[{"taxonomy":"category","embeddable":true,"href":"https:\/\/serafin-renov.fr\/index.php\/wp-json\/wp\/v2\/categories?post=861"},{"taxonomy":"post_tag","embeddable":true,"href":"https:\/\/serafin-renov.fr\/index.php\/wp-json\/wp\/v2\/tags?post=861"}],"curies":[{"name":"wp","href":"https:\/\/api.w.org\/{rel}","templated":true}]}}