{"id":850,"date":"2023-11-07T10:24:11","date_gmt":"2023-11-07T09:24:11","guid":{"rendered":"https:\/\/serafin-renov.fr\/?p=850"},"modified":"2024-02-27T17:01:12","modified_gmt":"2024-02-27T16:01:12","slug":"renovation-du-bati-comment-relever-le-defi","status":"publish","type":"post","link":"https:\/\/serafin-renov.fr\/index.php\/renovation-du-bati-comment-relever-le-defi\/","title":{"rendered":"R\u00e9novation du b\u00e2ti : comment relever le d\u00e9fi ?"},"content":{"rendered":"<p>[et_pb_section fb_built=\u00a0\u00bb1&Prime; _builder_version=\u00a0\u00bb4.18.0&Prime; _module_preset=\u00a0\u00bbdefault\u00a0\u00bb global_colors_info=\u00a0\u00bb{}\u00a0\u00bb][et_pb_row _builder_version=\u00a0\u00bb4.18.0&Prime; _module_preset=\u00a0\u00bbdefault\u00a0\u00bb global_colors_info=\u00a0\u00bb{}\u00a0\u00bb][et_pb_column type=\u00a0\u00bb4_4&Prime; _builder_version=\u00a0\u00bb4.18.0&Prime; _module_preset=\u00a0\u00bbdefault\u00a0\u00bb global_colors_info=\u00a0\u00bb{}\u00a0\u00bb][et_pb_text _builder_version=\u00a0\u00bb4.24.2&Prime; _module_preset=\u00a0\u00bbdefault\u00a0\u00bb header_3_font=\u00a0\u00bb|||on|||||\u00a0\u00bb header_4_font=\u00a0\u00bb|||on|||||\u00a0\u00bb hover_enabled=\u00a0\u00bb0&Prime; global_colors_info=\u00a0\u00bb{}\u00a0\u00bb sticky_enabled=\u00a0\u00bb0&Prime;]<\/p>\n<h4><span>7 et 8 novembre 2023 | Sarrebr\u00fcck ( Allemagne)<\/span><span><\/span><\/h4>\n<p>&nbsp;<\/p>\n<p><span>Le Forum pour l&rsquo;avenir, Climate Alliance et Energy Cities re\u00e7oivent \u00e0 Sarrebruck des acteurs et actrices de collectivit\u00e9s fran\u00e7aises et allemandes pour parler de la r\u00e9novation \u00e9nerg\u00e9tique des b\u00e2timents.<\/span><\/p>\n<p><span>Le r\u00f4le des villes est central pour atteindre le taux annuel de r\u00e9novation vis\u00e9 par la France et l&rsquo;Allemagne. Les b\u00e2timents repr\u00e9sentent aujourd\u2019hui 36% des \u00e9missions de gaz \u00e0 effet de serre au sein de l\u2019Union Europ\u00e9enne. Comment atteindre les objectifs de neutralit\u00e9 carbone dans l\u2019ensemble du parc existant d\u2019ici 2050 en France, et 2045 en Allemagne\u00a0?<\/span><\/p>\n<p>Les 7 et 8 novembre 2023, nous<span>\u00a0<\/span><span>discuterons avec des experts et repr\u00e9sentants de collectivit\u00e9s fran<\/span>\u00e7<span>aises et allemandes des enjeux de\u00a0<strong>justice sociale<\/strong>\u00a0et d\u2019inclusion<\/span><span><strong>\u00a0<\/strong>li\u00e9s \u00e0 la r\u00e9novation,<strong>\u00a0<\/strong>des diff\u00e9rentes\u00a0<\/span><span>mani\u00e8res de\u00a0<strong>conseiller<\/strong><\/span><strong><span>\u00a0et de\u00a0<\/span><span>convaincre<\/span><\/strong><span><strong>\u00a0les propri\u00e9taires<\/strong>\u00a0de se lancer dans la r\u00e9novation de leur logement. Nous nous pencherons sur les\u00a0<\/span><strong><span>dispositifs de financement<\/span><\/strong><span>\u00a0(nationaux et r\u00e9gionaux) des deux pays ainsi que du r\u00f4le<\/span><span>\u00a0de\u00a0<strong>l\u2019am\u00e9nagement urbain<\/strong><\/span><span>\u00a0pour la r\u00e9duction de la consommation des b\u00e2timents. Nous aurons \u00e9galement la possibilit\u00e9 de d\u00e9couvrir des\u00a0<\/span><strong><span>bonnes pratiques<\/span><\/strong><span>\u00a0mises en place de chaque c\u00f4t\u00e9 du Rhin.<\/span><\/p>\n<p>Une<span>\u00a0<\/span><strong><span>traduction simultan\u00e9e ou cons\u00e9cutive<\/span><\/strong><span>\u00a0<\/span>sera assur\u00e9e dans les deux langues tout au long de l\u2019\u00e9v\u00e9nement.<\/p>\n<p>&nbsp;<\/p>\n<p>En savoir plus :<\/p>\n<ul>\n<li>Inscription : <a href=\"https:\/\/eveeno.com\/335677025?utm_source=brevo&amp;utm_campaign=Save%20the%20Date%20Tandem%20FR%20test_copy_copy&amp;utm_medium=email\" target=\"_blank\" rel=\"noopener\">ici\u00a0<\/a><\/li>\n<\/ul>\n<p>[\/et_pb_text][\/et_pb_column][\/et_pb_row][\/et_pb_section]<\/p>\n","protected":false},"excerpt":{"rendered":"<p>7 et 8 novembre 2023 | Sarrebr\u00fcck ( Allemagne) &nbsp; Le Forum pour l&rsquo;avenir, Climate Alliance et Energy Cities re\u00e7oivent \u00e0 Sarrebruck des acteurs et actrices de collectivit\u00e9s fran\u00e7aises et allemandes pour parler de la r\u00e9novation \u00e9nerg\u00e9tique des b\u00e2timents. Le r\u00f4le des villes est central pour atteindre le taux annuel de r\u00e9novation vis\u00e9 par la [&hellip;]<\/p>\n","protected":false},"author":1,"featured_media":0,"comment_status":"closed","ping_status":"open","sticky":false,"template":"","format":"standard","meta":{"_et_pb_use_builder":"on","_et_pb_old_content":"","_et_gb_content_width":"","footnotes":""},"categories":[62],"tags":[],"class_list":["post-850","post","type-post","status-publish","format-standard","hentry","category-agenda-passe"],"_links":{"self":[{"href":"https:\/\/serafin-renov.fr\/index.php\/wp-json\/wp\/v2\/posts\/850","targetHints":{"allow":["GET"]}}],"collection":[{"href":"https:\/\/serafin-renov.fr\/index.php\/wp-json\/wp\/v2\/posts"}],"about":[{"href":"https:\/\/serafin-renov.fr\/index.php\/wp-json\/wp\/v2\/types\/post"}],"author":[{"embeddable":true,"href":"https:\/\/serafin-renov.fr\/index.php\/wp-json\/wp\/v2\/users\/1"}],"replies":[{"embeddable":true,"href":"https:\/\/serafin-renov.fr\/index.php\/wp-json\/wp\/v2\/comments?post=850"}],"version-history":[{"count":4,"href":"https:\/\/serafin-renov.fr\/index.php\/wp-json\/wp\/v2\/posts\/850\/revisions"}],"predecessor-version":[{"id":999,"href":"https:\/\/serafin-renov.fr\/index.php\/wp-json\/wp\/v2\/posts\/850\/revisions\/999"}],"wp:attachment":[{"href":"https:\/\/serafin-renov.fr\/index.php\/wp-json\/wp\/v2\/media?parent=850"}],"wp:term":[{"taxonomy":"category","embeddable":true,"href":"https:\/\/serafin-renov.fr\/index.php\/wp-json\/wp\/v2\/categories?post=850"},{"taxonomy":"post_tag","embeddable":true,"href":"https:\/\/serafin-renov.fr\/index.php\/wp-json\/wp\/v2\/tags?post=850"}],"curies":[{"name":"wp","href":"https:\/\/api.w.org\/{rel}","templated":true}]}}