{"id":503,"date":"2023-03-13T17:10:12","date_gmt":"2023-03-13T16:10:12","guid":{"rendered":"https:\/\/serafin-renov.fr\/?p=503"},"modified":"2023-06-14T14:47:08","modified_gmt":"2023-06-14T12:47:08","slug":"les-serafin-grands-oublies-du-dispositif-mon-accompagnateur-renov","status":"publish","type":"post","link":"https:\/\/serafin-renov.fr\/index.php\/les-serafin-grands-oublies-du-dispositif-mon-accompagnateur-renov\/","title":{"rendered":"Les SERAFIN, grands oubli\u00e9s du dispositif Mon Accompagnateur R\u00e9nov&rsquo; ?"},"content":{"rendered":"<p>[et_pb_section fb_built=\u00a0\u00bb1&Prime; _builder_version=\u00a0\u00bb4.16&Prime; custom_padding=\u00a0\u00bb0px||7px|||\u00a0\u00bb global_colors_info=\u00a0\u00bb{}\u00a0\u00bb theme_builder_area=\u00a0\u00bbpost_content\u00a0\u00bb][et_pb_row _builder_version=\u00a0\u00bb4.16&Prime; background_size=\u00a0\u00bbinitial\u00a0\u00bb background_position=\u00a0\u00bbtop_left\u00a0\u00bb background_repeat=\u00a0\u00bbrepeat\u00a0\u00bb global_colors_info=\u00a0\u00bb{}\u00a0\u00bb theme_builder_area=\u00a0\u00bbpost_content\u00a0\u00bb][et_pb_column type=\u00a0\u00bb4_4&Prime; _builder_version=\u00a0\u00bb4.16&Prime; custom_padding=\u00a0\u00bb|||\u00a0\u00bb global_colors_info=\u00a0\u00bb{}\u00a0\u00bb custom_padding__hover=\u00a0\u00bb|||\u00a0\u00bb theme_builder_area=\u00a0\u00bbpost_content\u00a0\u00bb][et_pb_text _builder_version=\u00a0\u00bb4.18.0&Prime; background_size=\u00a0\u00bbinitial\u00a0\u00bb background_position=\u00a0\u00bbtop_left\u00a0\u00bb background_repeat=\u00a0\u00bbrepeat\u00a0\u00bb custom_margin=\u00a0\u00bb||-58px|||\u00a0\u00bb custom_padding=\u00a0\u00bb||2px|||\u00a0\u00bb global_colors_info=\u00a0\u00bb{}\u00a0\u00bb theme_builder_area=\u00a0\u00bbpost_content\u00a0\u00bb]<!-- divi:paragraph --><\/p>\n<p><strong> <em>L\u2019interdiction du recours \u00e0 la sous-traitance emp\u00eache les soci\u00e9t\u00e9s de tiers-financement d\u2019\u00eatre agr\u00e9\u00e9es Mon Accompagnateur R\u00e9nov\u2019, alors qu\u2019elles disposent de toutes les comp\u00e9tences n\u00e9cessaires. Les soci\u00e9t\u00e9s de tiers-financement, regroup\u00e9es au sein du r\u00e9seau SERAFIN, demandent donc au Gouvernement de remplacer cette interdiction totale par une seule limitation, celle de passer par une proc\u00e9dure de march\u00e9 public \u00e9tablissant le choix des prestataires en toute transparence, et restreignant la sous-traitance possible \u00e0 un niveau.<\/em><\/strong><\/p>\n<p>&nbsp;<\/p>\n<p>&nbsp;<\/p>\n<p><!-- \/divi:paragraph -->[\/et_pb_text][\/et_pb_column][\/et_pb_row][\/et_pb_section][et_pb_section fb_built=\u00a0\u00bb1&Prime; _builder_version=\u00a0\u00bb4.18.0&Prime; _module_preset=\u00a0\u00bbdefault\u00a0\u00bb custom_padding=\u00a0\u00bb4px|||||\u00a0\u00bb global_colors_info=\u00a0\u00bb{}\u00a0\u00bb theme_builder_area=\u00a0\u00bbpost_content\u00a0\u00bb][et_pb_row _builder_version=\u00a0\u00bb4.18.0&Prime; _module_preset=\u00a0\u00bbdefault\u00a0\u00bb global_colors_info=\u00a0\u00bb{}\u00a0\u00bb theme_builder_area=\u00a0\u00bbpost_content\u00a0\u00bb][et_pb_column type=\u00a0\u00bb4_4&Prime; _builder_version=\u00a0\u00bb4.18.0&Prime; _module_preset=\u00a0\u00bbdefault\u00a0\u00bb global_colors_info=\u00a0\u00bb{}\u00a0\u00bb theme_builder_area=\u00a0\u00bbpost_content\u00a0\u00bb][et_pb_text _builder_version=\u00a0\u00bb4.18.0&Prime; _module_preset=\u00a0\u00bbdefault\u00a0\u00bb global_colors_info=\u00a0\u00bb{}\u00a0\u00bb theme_builder_area=\u00a0\u00bbpost_content\u00a0\u00bb]<\/p>\n<h4 style=\"text-align: justify;\">L&rsquo;accompagnement des SERAFIN : une offre mise \u00e0 mal par les conditions actuelles de l&rsquo;agr\u00e9ment Mon Accompagnateur R\u00e9nov&rsquo;<\/h4>\n<p style=\"text-align: justify;\"><span style=\"font-weight: 400;\">Les <a href=\"https:\/\/serafin-renov.fr\/index.php\/les-societes-de-tiers-financement\/\" target=\"_blank\" rel=\"noopener\">soci\u00e9t\u00e9s de tiers-financement<\/a><\/span><span style=\"font-weight: 400;\"> sont aux avant-postes de la d\u00e9finition du m\u00e9tier d\u2019accompagnateur des r\u00e9novations \u00e9nerg\u00e9tiques depuis le d\u00e9but de la d\u00e9cennie 2010. Elles proposent aux propri\u00e9taires de maisons individuelles et copropri\u00e9t\u00e9s une offre compl\u00e8te d\u2019accompagnement pour r\u00e9aliser des r\u00e9novations \u00e9nerg\u00e9tiques performantes, pouvant inclure un\u00a0 pr\u00eat jusqu\u2019\u00e0 25 ans. Pourtant, le dispositif \u00ab\u00a0Mon Accompagnateur R\u00e9nov\u2019\u00a0\u00bb &#8211; obligatoire pour tout propri\u00e9taire de r\u00e9novation individuelle r\u00e9alisant plus de deux gestes de travaux et b\u00e9n\u00e9ficiant de plus de 10\u00a0000 \u20ac d\u2019aide Ma Prime R\u00e9nov &#8211; ne leur permet pas d\u2019obtenir l\u2019agr\u00e9ment MAR. En effet, <a href=\"https:\/\/www.legifrance.gouv.fr\/jorf\/id\/JORFTEXT000046807068\" target=\"_blank\" rel=\"noopener\" title=\"Arr\u00eat\u00e9 MAR\">l\u2019arr\u00eat\u00e9<\/a><\/span><span style=\"font-weight: 400;\"><a href=\"https:\/\/www.legifrance.gouv.fr\/jorf\/id\/JORFTEXT000046807068\" target=\"_blank\" rel=\"noopener\" title=\"Arr\u00eat\u00e9 MAR\"> d\u00e9crivant les prestations des op\u00e9rateurs agr\u00e9\u00e9s \u00ab\u00a0Accompagnateurs R\u00e9nov\u2019\u00a0\u00bb<\/a>, interdit la sous-traitance des missions d\u2019accompagnement d\u00e9finies comme obligatoires, et l\u2019existence de relations contractuelles directes entre l\u2019accompagnateur et les entreprises qui r\u00e9alisent les travaux.<\/span><\/p>\n<p style=\"text-align: justify;\"><em>\u00a0<\/em><\/p>\n<h4>L\u2019interdiction de sous-traitance pour les Accompagnateurs R\u00e9nov\u2019\u00a0: une limitation remettant en cause le mod\u00e8le des SERAFINS<\/h4>\n<p style=\"text-align: justify;\"><span style=\"font-weight: normal; font-family: inherit;\">Les soci\u00e9t\u00e9s de tiers-financement interviennent, pour la plupart, \u00e0 l\u2019\u00e9chelle r\u00e9gionale et sous-traitent en grande partie l\u2019accompagnement aupr\u00e8s d\u2019op\u00e9rateurs agr\u00e9\u00e9s par l\u2019Anah et\/ou labellis\u00e9s RGE.\u00a0 <\/span><span style=\"font-weight: normal; font-family: inherit;\">Cette sous-traitance, par le biais de march\u00e9s publics, permet la mise en \u0153uvre des dispositifs de mani\u00e8re homog\u00e8ne sur les territoires d\u2019activit\u00e9 des dites Soci\u00e9t\u00e9s de Tiers-Financement, \u00e0 travers :<\/span><\/p>\n<ul style=\"text-align: justify;\">\n<li style=\"font-weight: 400;\" aria-level=\"1\"><span style=\"font-weight: normal; font-family: inherit;\">un co\u00fbt d\u2019accompagnement forfaitaire et ind\u00e9pendant du territoire et de l\u2019op\u00e9rateur sous-traitant (le co\u00fbt du contrat avec le m\u00e9nage est fix\u00e9 par la soci\u00e9t\u00e9 de tiers-financement) ;<\/span><\/li>\n<li style=\"font-weight: 400;\" aria-level=\"1\"><span style=\"font-weight: normal; font-family: inherit;\">un contrat sign\u00e9 entre la soci\u00e9t\u00e9 de tiers-financement et les m\u00e9nages.<\/span><\/li>\n<\/ul>\n<p style=\"text-align: justify;\"><span style=\"font-weight: normal; font-family: inherit;\">L\u2019op\u00e9rateur intervient ainsi en tant qu\u2019interlocuteur unique pour le m\u00e9nage, selon le cahier des charges fix\u00e9 et contr\u00f4l\u00e9 par la soci\u00e9t\u00e9 de tiers-financement. Ce faisant, les SERAFIN diffusent \u00e0 leurs op\u00e9rateurs locaux leurs comp\u00e9tences techniques et financi\u00e8res pour d\u00e9terminer les sc\u00e9narios de travaux optimums.<\/span><\/p>\n<p style=\"text-align: justify;\"><span style=\"font-weight: 400;\">L\u2019interdiction de sous-traitance telle qu\u2019\u00e9nonc\u00e9e dans la version actuelle de l\u2019arr\u00eat\u00e9 entra\u00eenerait l\u2019impossibilit\u00e9 de rester dans ce sch\u00e9ma qui permet pourtant une \u00e9quit\u00e9 territoriale et un meilleur contr\u00f4le des prestations r\u00e9alis\u00e9es.<\/span><\/p>\n<p style=\"text-align: justify;\"><em>\u00a0<\/em><\/p>\n<h4>Un contr\u00f4le optimal de la qualit\u00e9 des travaux assur\u00e9 par les SERAFIN contractants g\u00e9n\u00e9raux<\/h4>\n<h4><span style=\"font-weight: 400;\"><\/span><\/h4>\n<p style=\"text-align: justify;\"><span style=\"font-weight: 400;\"><\/span><span style=\"font-weight: normal; font-family: inherit;\">Le statut de Contractant G\u00e9n\u00e9ral implique de proposer une solution cl\u00e9-en-main au ma\u00eetre d\u2019ouvrage, int\u00e9grant une offre de travaux r\u00e9alis\u00e9s par des entreprises s\u00e9lectionn\u00e9es par march\u00e9 public. Au-del\u00e0 du soulagement des b\u00e9n\u00e9ficiaires, qui d\u00e9l\u00e8guent l\u2019ensemble de la gestion du projet et les soucis qui y sont li\u00e9s (suivi des travaux, respect des d\u00e9lais), ce mod\u00e8le est le mieux adapt\u00e9 pour contr\u00f4ler les conditions de r\u00e9alisation, faire respecter le cadre contractuel des chantiers, et assurer la qualit\u00e9 des travaux r\u00e9alis\u00e9s. Il suppose \u00e9galement des relations de sous-traitance avec les entreprises de travaux. Or, l\u2019interdiction de relations contractuelles directes entre l\u2019accompagnateur et les entreprises de travaux emp\u00eache toute soci\u00e9t\u00e9 de tiers-financement, intervenant comme contractant g\u00e9n\u00e9ral, d\u2019\u00eatre agr\u00e9\u00e9 Accompagnateur R\u00e9nov\u2019.<\/span><\/p>\n<p style=\"text-align: justify;\"><em>\u00a0<\/em><\/p>\n<h4>Une demande unanime des six soci\u00e9t\u00e9s de tiers-financement pour un nouvel arr\u00eat\u00e9 modifiant les conditions de mise en \u0153uvre de Mon Accompagnateur R\u00e9nov\u2019<\/h4>\n<p style=\"text-align: justify;\"><span style=\"font-weight: 400;\">Cette impossibilit\u00e9 pour les soci\u00e9t\u00e9s de tiers-financement d\u2019\u00eatre agr\u00e9\u00e9es \u00ab\u00a0Mon Accompagnateur R\u00e9nov\u2019\u00a0\u00bb est d\u2019autant plus surprenante qu\u2019elles entrent en contradiction avec le d\u00e9cret du 22\/07\/2022 qui affirme dans son article 1<\/span><span style=\"font-weight: 400;\">er<\/span><span style=\"font-weight: 400;\"> que peuvent \u00eatre agr\u00e9\u00e9es<\/span><i><span style=\"font-weight: 400;\"> \u00ab\u00a0<\/span><\/i><span style=\"font-weight: 400;\"><em>Les soci\u00e9t\u00e9 de tiers-financement vis\u00e9es au 8 de l\u2019article L. 511-6 du code mon\u00e9taire et financier.\u00a0[\u2026]<\/em>\u00a0\u00bb.<\/span><\/p>\n<p style=\"text-align: justify;\"><span style=\"font-weight: 400;\">Les SERAFIN r\u00e9it\u00e8rent leur demande transmise \u00e0 plusieurs reprises depuis l\u2019\u00e9t\u00e9 2022 au minist\u00e8re de la Transition \u00e9cologique et de la Coh\u00e9sion des territoires, et \u00e0 la Coordination interminist\u00e9rielle pour la r\u00e9novation des b\u00e2timents, de <\/span><b>permettre aux Soci\u00e9t\u00e9s de Tiers-financement de recourir \u00e0 la sous-traitance dans le cadre du dispositif Mon Accompagnateur R\u00e9nov\u2019. <\/b><span style=\"font-weight: 400;\">\u00a0Le r\u00e9seau SERAFIN demande donc au Gouvernement de remplacer cette interdiction totale par une seule limitation, celle de passer par une proc\u00e9dure de march\u00e9 public \u00e9tablissant le choix des prestataires en toute transparence, et restreignant la sous-traitance possible \u00e0 un niveau.<\/span><\/p>\n<p style=\"text-align: justify;\">\n<p>[\/et_pb_text][\/et_pb_column][\/et_pb_row][\/et_pb_section]<\/p>\n","protected":false},"excerpt":{"rendered":"<p>L\u2019interdiction du recours \u00e0 la sous-traitance emp\u00eache les soci\u00e9t\u00e9s de tiers-financement d\u2019\u00eatre agr\u00e9\u00e9es Mon Accompagnateur R\u00e9nov\u2019, alors qu\u2019elles disposent de toutes les comp\u00e9tences n\u00e9cessaires. Les soci\u00e9t\u00e9s de tiers-financement, regroup\u00e9es au sein du r\u00e9seau SERAFIN, demandent donc au Gouvernement de remplacer cette interdiction totale par une seule limitation, celle de passer par une proc\u00e9dure de march\u00e9 [&hellip;]<\/p>\n","protected":false},"author":2,"featured_media":0,"comment_status":"closed","ping_status":"open","sticky":false,"template":"","format":"standard","meta":{"_et_pb_use_builder":"on","_et_pb_old_content":"<!-- wp:paragraph -->\n<p><\/p>\n<!-- \/wp:paragraph -->\n\n<!-- wp:paragraph -->\n<p><\/p>\n<!-- \/wp:paragraph -->","_et_gb_content_width":"","footnotes":""},"categories":[50],"tags":[],"class_list":["post-503","post","type-post","status-publish","format-standard","hentry","category-colonne_1-fr"],"_links":{"self":[{"href":"https:\/\/serafin-renov.fr\/index.php\/wp-json\/wp\/v2\/posts\/503","targetHints":{"allow":["GET"]}}],"collection":[{"href":"https:\/\/serafin-renov.fr\/index.php\/wp-json\/wp\/v2\/posts"}],"about":[{"href":"https:\/\/serafin-renov.fr\/index.php\/wp-json\/wp\/v2\/types\/post"}],"author":[{"embeddable":true,"href":"https:\/\/serafin-renov.fr\/index.php\/wp-json\/wp\/v2\/users\/2"}],"replies":[{"embeddable":true,"href":"https:\/\/serafin-renov.fr\/index.php\/wp-json\/wp\/v2\/comments?post=503"}],"version-history":[{"count":8,"href":"https:\/\/serafin-renov.fr\/index.php\/wp-json\/wp\/v2\/posts\/503\/revisions"}],"predecessor-version":[{"id":519,"href":"https:\/\/serafin-renov.fr\/index.php\/wp-json\/wp\/v2\/posts\/503\/revisions\/519"}],"wp:attachment":[{"href":"https:\/\/serafin-renov.fr\/index.php\/wp-json\/wp\/v2\/media?parent=503"}],"wp:term":[{"taxonomy":"category","embeddable":true,"href":"https:\/\/serafin-renov.fr\/index.php\/wp-json\/wp\/v2\/categories?post=503"},{"taxonomy":"post_tag","embeddable":true,"href":"https:\/\/serafin-renov.fr\/index.php\/wp-json\/wp\/v2\/tags?post=503"}],"curies":[{"name":"wp","href":"https:\/\/api.w.org\/{rel}","templated":true}]}}