{"id":476,"date":"2023-04-13T10:47:52","date_gmt":"2023-04-13T08:47:52","guid":{"rendered":"https:\/\/serafin-renov.fr\/?p=476"},"modified":"2023-09-21T14:00:52","modified_gmt":"2023-09-21T12:00:52","slug":"journee-des-serafin","status":"publish","type":"post","link":"https:\/\/serafin-renov.fr\/index.php\/journee-des-serafin\/","title":{"rendered":"Journ\u00e9e des Serafin"},"content":{"rendered":"<p>[et_pb_section fb_built=\u00a0\u00bb1&Prime; _builder_version=\u00a0\u00bb4.18.0&Prime; _module_preset=\u00a0\u00bbdefault\u00a0\u00bb global_colors_info=\u00a0\u00bb{}\u00a0\u00bb][et_pb_row _builder_version=\u00a0\u00bb4.18.0&Prime; _module_preset=\u00a0\u00bbdefault\u00a0\u00bb global_colors_info=\u00a0\u00bb{}\u00a0\u00bb][et_pb_column type=\u00a0\u00bb4_4&Prime; _builder_version=\u00a0\u00bb4.18.0&Prime; _module_preset=\u00a0\u00bbdefault\u00a0\u00bb global_colors_info=\u00a0\u00bb{}\u00a0\u00bb][et_pb_text _builder_version=\u00a0\u00bb4.18.0&Prime; _module_preset=\u00a0\u00bbdefault\u00a0\u00bb header_2_font=\u00a0\u00bb|||on|||||\u00a0\u00bb hover_enabled=\u00a0\u00bb0&Prime; global_colors_info=\u00a0\u00bb{}\u00a0\u00bb sticky_enabled=\u00a0\u00bb0&Prime;]<\/p>\n<h2>13 avril 2023 | Paris<\/h2>\n<p><span>L\u2019<\/span><a href=\"https:\/\/www.linkedin.com\/company\/association-serafin\/\" data-attribute-index=\"0\" data-entity-type=\"MINI_COMPANY\">Association SERAFIN<\/a><span>\u00a0est ravie de r\u00e9unir les acteurs de la r\u00e9novation pour une journ\u00e9e d\u2019\u00e9changes sur les conditions de march\u00e9 pour aller vers une massification des r\u00e9novations performantes et de leur financement.<\/span><\/p>\n<p><span>Comment d\u00e9finir le r\u00e9seau des Serafins ? \u00ab\u00a0Nous sommes des int\u00e9grateurs au service des m\u00e9nages et des professionnels\u00a0\u00bb.<\/span><\/p>\n<p><span>Merci \u00e0\u00a0<\/span><a href=\"https:\/\/www.linkedin.com\/company\/association-des-regions-de-france\/\" data-attribute-index=\"2\" data-entity-type=\"MINI_COMPANY\">R\u00e9gions de France<\/a><span>\u00a0pour leur accueil pour cette journ\u00e9e qui s\u2019annonce riche !<\/span><\/p>\n<p>[\/et_pb_text][\/et_pb_column][\/et_pb_row][et_pb_row _builder_version=\u00a0\u00bb4.18.0&Prime; _module_preset=\u00a0\u00bbdefault\u00a0\u00bb custom_margin=\u00a0\u00bb-55px||||false|false\u00a0\u00bb global_colors_info=\u00a0\u00bb{}\u00a0\u00bb][et_pb_column type=\u00a0\u00bb4_4&Prime; _builder_version=\u00a0\u00bb4.18.0&Prime; _module_preset=\u00a0\u00bbdefault\u00a0\u00bb global_colors_info=\u00a0\u00bb{}\u00a0\u00bb][et_pb_image src=\u00a0\u00bbhttps:\/\/serafin-renov.fr\/wp-content\/uploads\/2023\/07\/1681370800413.jpg\u00a0\u00bb title_text=\u00a0\u00bb1681370800413&Prime; _builder_version=\u00a0\u00bb4.18.0&Prime; _module_preset=\u00a0\u00bbdefault\u00a0\u00bb hover_enabled=\u00a0\u00bb0&Prime; global_colors_info=\u00a0\u00bb{}\u00a0\u00bb sticky_enabled=\u00a0\u00bb0&Prime;][\/et_pb_image][\/et_pb_column][\/et_pb_row][\/et_pb_section]<\/p>\n","protected":false},"excerpt":{"rendered":"<p>13 avril 2023 | Paris L\u2019Association SERAFIN\u00a0est ravie de r\u00e9unir les acteurs de la r\u00e9novation pour une journ\u00e9e d\u2019\u00e9changes sur les conditions de march\u00e9 pour aller vers une massification des r\u00e9novations performantes et de leur financement. Comment d\u00e9finir le r\u00e9seau des Serafins ? \u00ab\u00a0Nous sommes des int\u00e9grateurs au service des m\u00e9nages et des professionnels\u00a0\u00bb. Merci [&hellip;]<\/p>\n","protected":false},"author":1,"featured_media":0,"comment_status":"closed","ping_status":"open","sticky":false,"template":"","format":"standard","meta":{"_et_pb_use_builder":"on","_et_pb_old_content":"","_et_gb_content_width":"","footnotes":""},"categories":[62],"tags":[],"class_list":["post-476","post","type-post","status-publish","format-standard","hentry","category-agenda-passe"],"_links":{"self":[{"href":"https:\/\/serafin-renov.fr\/index.php\/wp-json\/wp\/v2\/posts\/476","targetHints":{"allow":["GET"]}}],"collection":[{"href":"https:\/\/serafin-renov.fr\/index.php\/wp-json\/wp\/v2\/posts"}],"about":[{"href":"https:\/\/serafin-renov.fr\/index.php\/wp-json\/wp\/v2\/types\/post"}],"author":[{"embeddable":true,"href":"https:\/\/serafin-renov.fr\/index.php\/wp-json\/wp\/v2\/users\/1"}],"replies":[{"embeddable":true,"href":"https:\/\/serafin-renov.fr\/index.php\/wp-json\/wp\/v2\/comments?post=476"}],"version-history":[{"count":3,"href":"https:\/\/serafin-renov.fr\/index.php\/wp-json\/wp\/v2\/posts\/476\/revisions"}],"predecessor-version":[{"id":818,"href":"https:\/\/serafin-renov.fr\/index.php\/wp-json\/wp\/v2\/posts\/476\/revisions\/818"}],"wp:attachment":[{"href":"https:\/\/serafin-renov.fr\/index.php\/wp-json\/wp\/v2\/media?parent=476"}],"wp:term":[{"taxonomy":"category","embeddable":true,"href":"https:\/\/serafin-renov.fr\/index.php\/wp-json\/wp\/v2\/categories?post=476"},{"taxonomy":"post_tag","embeddable":true,"href":"https:\/\/serafin-renov.fr\/index.php\/wp-json\/wp\/v2\/tags?post=476"}],"curies":[{"name":"wp","href":"https:\/\/api.w.org\/{rel}","templated":true}]}}