{"id":1285,"date":"2025-04-23T16:17:11","date_gmt":"2025-04-23T14:17:11","guid":{"rendered":"https:\/\/serafin-renov.fr\/?p=1285"},"modified":"2025-05-27T17:55:45","modified_gmt":"2025-05-27T15:55:45","slug":"rendez-vous-le-6-juin-pour-les-rencontres-annuelles-de-lassociation-serafin-et-de-la-communaute-eu-peers","status":"publish","type":"post","link":"https:\/\/serafin-renov.fr\/index.php\/rendez-vous-le-6-juin-pour-les-rencontres-annuelles-de-lassociation-serafin-et-de-la-communaute-eu-peers\/","title":{"rendered":"Rendez-vous le 6 juin pour les rencontres annuelles de l&rsquo;association Serafin et de la communaut\u00e9 EU Peers"},"content":{"rendered":"<p>[et_pb_section fb_built=\u00a0\u00bb1&Prime; _builder_version=\u00a0\u00bb4.27.4&Prime; _module_preset=\u00a0\u00bbdefault\u00a0\u00bb global_colors_info=\u00a0\u00bb{}\u00a0\u00bb][et_pb_row _builder_version=\u00a0\u00bb4.27.4&Prime; _module_preset=\u00a0\u00bbdefault\u00a0\u00bb global_colors_info=\u00a0\u00bb{}\u00a0\u00bb][et_pb_column type=\u00a0\u00bb4_4&Prime; _builder_version=\u00a0\u00bb4.27.4&Prime; _module_preset=\u00a0\u00bbdefault\u00a0\u00bb global_colors_info=\u00a0\u00bb{}\u00a0\u00bb][et_pb_text _builder_version=\u00a0\u00bb4.27.4&Prime; _module_preset=\u00a0\u00bbdefault\u00a0\u00bb hover_enabled=\u00a0\u00bb0&Prime; global_colors_info=\u00a0\u00bb{}\u00a0\u00bb sticky_enabled=\u00a0\u00bb0&Prime;]<\/p>\n<p><span>L&rsquo;association Serafin et la communaut\u00e9 europ\u00e9enne EU Peers vous donnent rendez-vous pour leur journ\u00e9e annuelle :<\/span><\/p>\n<div style=\"text-align: center;\">le <strong>vendredi 6 juin<\/strong> 2025<\/div>\n<div style=\"text-align: center;\">de 09h \u00e0 16h30<\/div>\n<div dir=\"ltr\" style=\"text-align: center;\">\u00e0 Paris La D\u00e9fense (Auditorium de la Tour Saint Gobain, 12 place de l&rsquo;Iris, 92 400 Courbevoie)<\/div>\n<div style=\"text-align: center;\">\n<p><em>Retransmission en direct en fran\u00e7ais (le lien de connexion sera communiqu\u00e9 aux inscrits quelques jours avant l&rsquo;\u00e9v\u00e9nement)<\/em><\/p>\n<p><em> <\/em><\/p>\n<p><em><\/em><\/p>\n<\/div>\n<div style=\"text-align: center;\"><\/div>\n<div dir=\"ltr\"><\/div>\n<div><\/div>\n<div><\/div>\n<p style=\"text-align: center;\"><a href=\"https:\/\/forms.gle\/et4NfQPqebf3VsUF8\" target=\"_blank\" rel=\"noopener\">INSCRIPTIONS<\/a><br \/><em><strong>(inscriptions obligatoire)<\/strong><\/em><\/p>\n<p>[\/et_pb_text][\/et_pb_column][\/et_pb_row][et_pb_row _builder_version=\u00a0\u00bb4.27.4&Prime; _module_preset=\u00a0\u00bbdefault\u00a0\u00bb global_colors_info=\u00a0\u00bb{}\u00a0\u00bb][et_pb_column type=\u00a0\u00bb4_4&Prime; _builder_version=\u00a0\u00bb4.27.4&Prime; _module_preset=\u00a0\u00bbdefault\u00a0\u00bb global_colors_info=\u00a0\u00bb{}\u00a0\u00bb][et_pb_text _builder_version=\u00a0\u00bb4.27.4&Prime; _module_preset=\u00a0\u00bbdefault\u00a0\u00bb global_colors_info=\u00a0\u00bb{}\u00a0\u00bb]<\/p>\n<div style=\"text-align: justify;\">Cette journ\u00e9e est organis\u00e9e par le <strong>r\u00e9seau SERAFIN<\/strong> &#8211; le r\u00e9seau des soci\u00e9t\u00e9s de tiers financement en France &#8211; et <strong>EU Peers<\/strong> &#8211; le r\u00e9seau des OSS (One Stop Shops) en Europe.<\/div>\n<div style=\"text-align: justify;\">Elle est destin\u00e9e aux acteurs et dirigeants des organisations et soci\u00e9t\u00e9s, priv\u00e9es comme publiques, actives sur le march\u00e9 de la r\u00e9novation de l&rsquo;habitat priv\u00e9 : op\u00e9rateurs en France et en Europe, soci\u00e9t\u00e9s de travaux et fournisseurs de mat\u00e9riaux, soci\u00e9t\u00e9s immobili\u00e8res, bureaux d&rsquo;\u00e9tudes, aux banques, aux collectivit\u00e9s, aux services et agences de l&rsquo;Etat et de la Commission Europ\u00e9enne. Elle a pour enjeu et objectif de faire le point sur l&rsquo;\u00e9tat du march\u00e9 de la r\u00e9novation, des projets en cours, des sujets en construction et plus globalement, permettre \u00e0 tous ces professionnels de se retrouver et \u00e9changer.<br \/>Innovation cette ann\u00e9e avec la remise des <strong>\u00ab\u00a0MERCI\u00a0\u00bbs InnoR\u00e9no<\/strong> pour saluer l&rsquo;impact de certaines actions, travaux, organisations ou \u00e9tudes qui ont contribu\u00e9 au d\u00e9veloppement de cet \u00e9lan de r\u00e9novation, tant en nombre que qualitativement. Quatre \u00ab\u00a0MERCI\u00a0\u00bb InnoR\u00e9no seront remis cette ann\u00e9e.\u00a0<\/div>\n<div style=\"text-align: justify;\"><\/div>\n<p>[\/et_pb_text][\/et_pb_column][\/et_pb_row][et_pb_row _builder_version=\u00a0\u00bb4.27.4&Prime; _module_preset=\u00a0\u00bbdefault\u00a0\u00bb global_colors_info=\u00a0\u00bb{}\u00a0\u00bb][et_pb_column type=\u00a0\u00bb4_4&Prime; _builder_version=\u00a0\u00bb4.27.4&Prime; _module_preset=\u00a0\u00bbdefault\u00a0\u00bb global_colors_info=\u00a0\u00bb{}\u00a0\u00bb][et_pb_divider color=\u00a0\u00bb#AD230B\u00a0\u00bb divider_weight=\u00a0\u00bb3px\u00a0\u00bb _builder_version=\u00a0\u00bb4.27.4&Prime; _module_preset=\u00a0\u00bbdefault\u00a0\u00bb global_colors_info=\u00a0\u00bb{}\u00a0\u00bb][\/et_pb_divider][\/et_pb_column][\/et_pb_row][et_pb_row _builder_version=\u00a0\u00bb4.27.4&Prime; _module_preset=\u00a0\u00bbdefault\u00a0\u00bb global_colors_info=\u00a0\u00bb{}\u00a0\u00bb][et_pb_column type=\u00a0\u00bb4_4&Prime; _builder_version=\u00a0\u00bb4.27.4&Prime; _module_preset=\u00a0\u00bbdefault\u00a0\u00bb global_colors_info=\u00a0\u00bb{}\u00a0\u00bb][et_pb_text _builder_version=\u00a0\u00bb4.27.4&Prime; _module_preset=\u00a0\u00bbdefault\u00a0\u00bb global_colors_info=\u00a0\u00bb{}\u00a0\u00bb]<\/p>\n<h4>PROGRAMME<\/h4>\n<p><span>08h45\u00a0 \u00a0 \u00a0 \u00a0 \u00a0 \u00a0 \u00a0 \u00a0 Ouverture des portes caf\u00e9<\/span><\/p>\n<p><span>09h15\u00a0 \u00a0 \u00a0 \u00a0 \u00a0 \u00a0 \u00a0 \u00a0 <b>Accueil &#8211; <\/b><\/span>Jean Pascal Chirat (Saint Gobain- Club de l&rsquo;Am\u00e9lioration de l&rsquo;Habitat)<\/p>\n<p><span>09h30\u00a0 \u00a0 \u00a0 \u00a0 \u00a0 \u00a0 \u00a0 \u00a0 <b>Pr\u00e9sentation de la journ\u00e9e &#8211; <\/b><\/span><span>S\u00e9bastien Descours (FIDEO-BRE\/EU Peers\/Filao Labs)<\/span><\/p>\n<p><span>09h45\u00a0 \u00a0 \u00a0 \u00a0 \u00a0 \u00a0 \u00a0 \u00a0 <b>SERAFIN : <\/b><\/span>Point sur 2024 et le d\u00e9but de l\u2019ann\u00e9e 2025 &#8211; Alice Morcrette (SERAFIN \/ SPEE Hauts de France)<\/p>\n<p><span>10h00 \u2002\u2002\u2002\u2002\u2002\u2002<b>Europe : EU Peers<br \/><\/b><\/span><span><\/span><\/p>\n<ul>\n<li><span>Guidelines, strat\u00e9gie politique &#8211; <\/span>Christophe Milin (CINEA)<\/li>\n<li>EU \u2013 Peers, la communaut\u00e9 des OSS &#8211; Jenny Claire Keilmann (Climate Alliance &#8211; EU Peers)<\/li>\n<li>Signature de l&rsquo;accord de partenariat entre Filao Labs et \u00ab\u00a0La Communaut\u00e9 des MAR\u00a0\u00bb dans le cadre de la d\u00e9marche EU Peers \u2013 Sebastian Ruiz (Marius Renov \/ Communaut\u00e9 des MAR)<\/li>\n<\/ul>\n<h5><span>\u00a0<\/span><span><b>Partie 1 : Fideo &#8211; Banque de la R\u00e9novation Energ\u00e9tique : sous quelles conditions cette structure peut-elle changer la donne\u00a0<\/b><\/span><span><b>pour les acteurs publics et les meilleurs acteurs priv\u00e9s de la r\u00e9novation performante ?<\/b><\/span><\/h5>\n<p><span>10h30\u2002\u2002\u2002\u2002\u2002\u2002<b>Introduction et pilotage de la session &#8211; <\/b><\/span><span>Fran\u00e7oise R\u00e9fabert (Filao Labs \/ SERAFIN \/ FIDEO-BRE)<\/span><\/p>\n<p><span>10h45\u2002\u2002\u2002\u2002\u2002\u2002<b>Le march\u00e9 du financement de la r\u00e9novation : Retour sur le projet FIRENO + &#8211;\u00a0<\/b><\/span><span>Lucas Chabalier (Agir pour le Climat)<\/span><\/p>\n<p><span>11h00 \u2002\u2002\u2002\u2002\u2002\u2002<b>Le Compte R\u00e9novation par FIDEO &#8211; BRE<\/b>, premi\u00e8re \u00e9tape d&rsquo;un instrument de financement fond\u00e9 sur la qualification des donn\u00e9es <\/span><span>pour que les banques puissent r\u00e9pondre aux attentes des r\u00e9gulateurs, des investisseurs, de leurs \u00e9quipes et de leurs clients<br \/><\/span><em>St\u00e9phanie Flacher (FIDEO-BRE \/ Filao Labs), Maxime Lenglet (SERAFIN \/ Oktave), Fr\u00e9d\u00e9ric Vezon (FIDEO-BRE \/ Neovision Partners)<\/em><\/p>\n<p><span>11h20\u00a0 \u00a0 \u00a0 \u00a0 \u2002\u2002\u2002<\/span><span><b>Le jeu\/l\u2019int\u00e9r\u00eat de FIDEO-BRE pour les acteurs et pour les banques\/financeurs : <\/b><\/span><span>Table ronde \u00ab\u00a0<\/span><span>Accompagner le financement des financeurs de la r\u00e9novation\u00a0\u00bb<br \/><\/span><em>Avec Philippe Weill (SG Group), Leo Miranda (La Nef), Maxime Lenglet (SERAFIN \/ Oktave), Alain Kauffmann (BEI)<\/em><\/p>\n<p><span>12h00\u2002\u2002\u2002\u2002\u2002\u2002<i>Remise de\u00a0<\/i><b><i>\u00ab MERCIS \u00bb<\/i><\/b><i>\u00a0InnoReno Financement<\/i><\/span><\/p>\n<ul>\n<li><span><i>Pr\u00e9sentation des \u00ab MERCI \u00bb InnoR\u00e9no &#8211; <\/i><\/span><span><i>S\u00e9bastien Descours (FIDEO-BRE\/EU Peers\/Filao Labs)<\/i><\/span><\/li>\n<li><span><b><i>La valorisation des droits \u00e0 construire pour financer la r\u00e9novation &#8211; <\/i><\/b><\/span><span><i>Action Tank &#8211; Entreprises et Pauvret\u00e9 (Guillaume Ginebre) <\/i><\/span><span><i>remis par VINCI Immobilier (Diego Harari)<\/i><\/span><\/li>\n<li><span><b><i>La reconnaissance du gain en valeur verte comme vecteur majeur d&rsquo;incitation \u00e0 la r\u00e9novation : \u00ab\u00a0R\u00e9nover ce n&rsquo;est pas d\u00e9penser, c&rsquo;est investir\u00a0\u00bb ! &#8211;\u00a0<\/i><\/b><\/span><span><i>Ithaque (Jean R\u00e9gis de Vauplane) <\/i><\/span><span><i>remis par SG Group (Marie Aim\u00e9e Boury)<\/i><\/span><\/li>\n<\/ul>\n<p><span><i><\/i><\/span><\/p>\n<p><span><b>12h30\u00a0: D\u00e9jeuner\u00a0<\/b><\/span><\/p>\n<p>&nbsp;<\/p>\n<h5><span><b>Partie 2\u00a0 &#8211; FIDEO : D\u00e9veloppement et\u00a0CONVERGENCE des pros<\/b><\/span><\/h5>\n<p><span>14h15\u2002\u2002\u2002\u2002\u2002\u2002\u2002<b>\u2002Introduction et pilotage de la session &#8211; <\/b><\/span><span>Charles Arquin (Pouget Consultants \/ SERAFIN \/ FIDEO-BRE)<\/span><\/p>\n<p><span>14h30\u2002\u2002\u2002\u2002\u2002\u2002\u2002\u2002<b>ANAH : perspectives et enjeux ? &#8211; <\/b><\/span><span>Vincent Feuillette (ANAH)<\/span><\/p>\n<p>Remise du grand \u00ab\u00a0MERCI\u00a0\u00bb \u00e0 EcoHabitat pour son \u0153uvre au service des plus pauvres &#8211;\u00a0Franck Billeau (Eco Habitat), remis par Vincent Feuillette (ANAH)<\/p>\n<p><span>14h45\u2002\u2002\u2002\u2002\u2002\u2002\u2002\u2002<b>Strat\u00e9gie du projet FIDEO pour d\u00e9velopper ses r\u00e9seaux de distribution<\/b>\u00a0 \u00a0&#8211;\u00a0<\/span><span>Julien Robillard (FIDEO-BRE \/\u00a0Filao Labs)<br \/><\/span><span>\u00a0 \u00a0 \u00a0 \u00a0 \u00a0 \u00a0 \u00a0 \u00a0 \u00a0 \u00a0 \u00a0 \u00a0 \u00a0 \u00a0 \u00a0 \u00a0 \u00a0 \u00a0T\u00e9moin : S\u00e9bastien Enault (CABESTAN)<\/span><\/p>\n<p><span>15h00 \u2002\u2002\u2002\u2002\u2002\u2002\u2002\u2002<b>La convergence des pros vers des r\u00e9f\u00e9rentiels et une d\u00e9marche qualit\u00e9 &#8211;\u00a0<\/b><\/span><span>Antoine Herv\u00e9 (<\/span><span>Pouget Consultants)<\/span><\/p>\n<p><span>15h30 \u2002\u2002\u2002\u2002\u2002\u2002\u2002\u2002<b>Discussion sur la mise en \u0153uvre du contr\u00f4le de la qualit\u00e9 sur le terrain et de l\u2019assurabilit\u00e9 des projets sur ces bases\u00a0<br \/><\/b><\/span><em>Avec Julien Fortin (URBANIS), Florent Chatelain (Marsh), Nicolas Depreux (SPEE Hauts de France)<\/em><\/p>\n<p><span>16h15\u2002\u2002\u2002\u2002\u2002\u2002\u2002\u2002 <b><i>Remise du \u00ab MERCI \u00bb InnoReno d\u00e9veloppement de l\u2019offre<br \/><\/i><\/b><\/span><span><i>FARE : La formation de reconversion, une d\u00e9marche gagnant-gagnant pour le d\u00e9veloppement du march\u00e9 de la r\u00e9novation en qualit\u00e9 et en volume &#8211; <\/i><\/span><span><i>Laure Voron (Asder)<\/i><\/span><\/p>\n<p><span>16h30\u2002\u2002\u2002\u2002\u2002\u2002\u2002 <b>Conclusions de la journ\u00e9e<\/b>\u00a0<\/span><\/p>\n<p>&nbsp;<\/p>\n<p>[\/et_pb_text][\/et_pb_column][\/et_pb_row][\/et_pb_section]<\/p>\n","protected":false},"excerpt":{"rendered":"<p>L&rsquo;association Serafin et la communaut\u00e9 europ\u00e9enne EU Peers vous donnent rendez-vous pour leur journ\u00e9e annuelle : le vendredi 6 juin 2025 de 09h \u00e0 16h30 \u00e0 Paris La D\u00e9fense (Auditorium de la Tour Saint Gobain, 12 place de l&rsquo;Iris, 92 400 Courbevoie) Retransmission en direct en fran\u00e7ais (le lien de connexion sera communiqu\u00e9 aux inscrits [&hellip;]<\/p>\n","protected":false},"author":2,"featured_media":0,"comment_status":"closed","ping_status":"open","sticky":false,"template":"","format":"standard","meta":{"_et_pb_use_builder":"on","_et_pb_old_content":"","_et_gb_content_width":"","footnotes":""},"categories":[58,38],"tags":[],"class_list":["post-1285","post","type-post","status-publish","format-standard","hentry","category-agenda_1-fr","category-non-classe-fr"],"_links":{"self":[{"href":"https:\/\/serafin-renov.fr\/index.php\/wp-json\/wp\/v2\/posts\/1285","targetHints":{"allow":["GET"]}}],"collection":[{"href":"https:\/\/serafin-renov.fr\/index.php\/wp-json\/wp\/v2\/posts"}],"about":[{"href":"https:\/\/serafin-renov.fr\/index.php\/wp-json\/wp\/v2\/types\/post"}],"author":[{"embeddable":true,"href":"https:\/\/serafin-renov.fr\/index.php\/wp-json\/wp\/v2\/users\/2"}],"replies":[{"embeddable":true,"href":"https:\/\/serafin-renov.fr\/index.php\/wp-json\/wp\/v2\/comments?post=1285"}],"version-history":[{"count":9,"href":"https:\/\/serafin-renov.fr\/index.php\/wp-json\/wp\/v2\/posts\/1285\/revisions"}],"predecessor-version":[{"id":1298,"href":"https:\/\/serafin-renov.fr\/index.php\/wp-json\/wp\/v2\/posts\/1285\/revisions\/1298"}],"wp:attachment":[{"href":"https:\/\/serafin-renov.fr\/index.php\/wp-json\/wp\/v2\/media?parent=1285"}],"wp:term":[{"taxonomy":"category","embeddable":true,"href":"https:\/\/serafin-renov.fr\/index.php\/wp-json\/wp\/v2\/categories?post=1285"},{"taxonomy":"post_tag","embeddable":true,"href":"https:\/\/serafin-renov.fr\/index.php\/wp-json\/wp\/v2\/tags?post=1285"}],"curies":[{"name":"wp","href":"https:\/\/api.w.org\/{rel}","templated":true}]}}